{"id":182491,"date":"2023-04-02T14:00:00","date_gmt":"2023-04-02T13:00:00","guid":{"rendered":"https:\/\/www.tucomarca.com\/wordpress\/segunda\/?p=182491"},"modified":"2023-04-03T18:14:55","modified_gmt":"2023-04-03T17:14:55","slug":"xest-disposara-duna-renovada-oficina-datencio-ciutadana","status":"publish","type":"post","link":"https:\/\/www.tucomarca.com\/wordpress\/segunda\/ca\/xest-disposara-duna-renovada-oficina-datencio-ciutadana\/","title":{"rendered":"Xest disposar\u00e0 d&#8217;una renovada Oficina d&#8217;Atenci\u00f3 Ciutadana"},"content":{"rendered":"\n<p>L&#8217;Ajuntament de Xest ha comen\u00e7at els tr\u00e0mits de creaci\u00f3 d&#8217;una nova Oficina d&#8217;Atenci\u00f3 Ciutadana (OAC), amb l&#8217;objectiu de racionalitzar els mitjans personals i materials dedicats a l&#8217;atenci\u00f3 a la poblaci\u00f3, adaptar l&#8217;espai f\u00edsic de la sala dreta de la planta baixa de l&#8217;ajuntament, sobre la base de les necessitats administratives actuals, i afavorir una atenci\u00f3 personalitzada, mantenint informades a les persones usu\u00e0ries dels temps d&#8217;espera.<\/p>\n\n\n\n<p>Els serveis per a la ciutadania seran els mateixos que s&#8217;ofereixen en l&#8217;actualitat, per\u00f2 comptaran amb millores, com la indicaci\u00f3 visual dels temps d&#8217;espera, o la millora en la seguretat jur\u00eddica dels tr\u00e0mits que realitzen els i les contribuents, mitjan\u00e7ant la tra\u00e7abilitat amb programes de gesti\u00f3 administrativa adaptats a la nova normativa.<\/p>\n\n\n\n<p>\u201cParal\u00b7lelament, hem treballat per a facilitar la realitzaci\u00f3 de tr\u00e0mits municipals i ja fa temps que la ciutadania pot accedir a ells a trav\u00e9s de la plataforma Carpeta ciutadana de recaptaci\u00f3. Aquest servei d&#8217;administraci\u00f3 en l\u00ednia permet fer gestions a qualsevol hora i des de qualsevol lloc i es complementa amb les millores de la OAC\u201d, ha declarat la regidora d&#8217;Hisenda, Tal\u00eda Rosell\u00f3.<\/p>\n\n\n\n<p>A m\u00e9s, tal com ha explicat Rosell\u00f3, les gestions m\u00e9s demandades seran refor\u00e7ades per personal de l&#8217;oficina perqu\u00e8 la seua tramitaci\u00f3 siga \u00e0gil. \u201cAmb aquesta nova oficina es pret\u00e9n millorar l&#8217;atenci\u00f3 a la ciutadania. Hem realitzat un estudi per a triar la millor via per a aconseguir-lo i prompte posarem en marxa aquesta reforma\u201d, ha manifestat l&#8217;alcalde de Xest, Jos\u00e9 Morell.&nbsp;<br><br>Amb la creaci\u00f3 de la OAC es transformar\u00e0 l&#8217;actual espai, amb la finalitat de guanyar en amplitud i lluminositat i s&#8217;instal\u00b7laran pantalles informatives. La nova oficina mantindr\u00e0 l&#8217;ajuda a la ciutadania en tr\u00e0mits electr\u00f2nics municipals, per\u00f2 tamb\u00e9 en aquells que hagen de realitzar a nivell auton\u00f2mic, amb l&#8217;Ag\u00e8ncia Tribut\u00e0ria, la Seguretat Social o l&#8217;Estat.<\/p>\n","protected":false},"excerpt":{"rendered":"<div class=\"mh-excerpt\">L&#8217;Ajuntament de Xest ha comen\u00e7at els tr\u00e0mits de creaci\u00f3 d&#8217;una nova Oficina d&#8217;Atenci\u00f3 Ciutadana (OAC), amb l&#8217;objectiu de racionalitzar els mitjans personals i materials dedicats a l&#8217;atenci\u00f3 a la poblaci\u00f3, adaptar l&#8217;espai f\u00edsic de la <a class=\"mh-excerpt-more\" href=\"https:\/\/www.tucomarca.com\/wordpress\/segunda\/ca\/xest-disposara-duna-renovada-oficina-datencio-ciutadana\/\" title=\"Xest disposar\u00e0 d&#8217;una renovada Oficina d&#8217;Atenci\u00f3 Ciutadana\">[+] <\/a><\/div>\n","protected":false},"author":12,"featured_media":89187,"comment_status":"open","ping_status":"open","sticky":false,"template":"","format":"standard","meta":{"footnotes":""},"categories":[10948,10894,10912,10947,10896,10974],"tags":[11071,10914,18985],"class_list":{"0":"post-182491","1":"post","2":"type-post","3":"status-publish","4":"format-standard","5":"has-post-thumbnail","7":"category-infraestructuras-ca","8":"category-la-comarca-ca","9":"category-la-hoya-ca","10":"category-politica","11":"category-seccion-ca","12":"category-cheste-ca","13":"tag-cheste","14":"tag-la-hoya-de-bunol-chiva-ca","15":"tag-oficina-de-atencion-ciudadana-ca"},"_links":{"self":[{"href":"https:\/\/www.tucomarca.com\/wordpress\/segunda\/ca\/wp-json\/wp\/v2\/posts\/182491","targetHints":{"allow":["GET"]}}],"collection":[{"href":"https:\/\/www.tucomarca.com\/wordpress\/segunda\/ca\/wp-json\/wp\/v2\/posts"}],"about":[{"href":"https:\/\/www.tucomarca.com\/wordpress\/segunda\/ca\/wp-json\/wp\/v2\/types\/post"}],"author":[{"embeddable":true,"href":"https:\/\/www.tucomarca.com\/wordpress\/segunda\/ca\/wp-json\/wp\/v2\/users\/12"}],"replies":[{"embeddable":true,"href":"https:\/\/www.tucomarca.com\/wordpress\/segunda\/ca\/wp-json\/wp\/v2\/comments?post=182491"}],"version-history":[{"count":0,"href":"https:\/\/www.tucomarca.com\/wordpress\/segunda\/ca\/wp-json\/wp\/v2\/posts\/182491\/revisions"}],"wp:featuredmedia":[{"embeddable":true,"href":"https:\/\/www.tucomarca.com\/wordpress\/segunda\/ca\/wp-json\/wp\/v2\/media\/89187"}],"wp:attachment":[{"href":"https:\/\/www.tucomarca.com\/wordpress\/segunda\/ca\/wp-json\/wp\/v2\/media?parent=182491"}],"wp:term":[{"taxonomy":"category","embeddable":true,"href":"https:\/\/www.tucomarca.com\/wordpress\/segunda\/ca\/wp-json\/wp\/v2\/categories?post=182491"},{"taxonomy":"post_tag","embeddable":true,"href":"https:\/\/www.tucomarca.com\/wordpress\/segunda\/ca\/wp-json\/wp\/v2\/tags?post=182491"}],"curies":[{"name":"wp","href":"https:\/\/api.w.org\/{rel}","templated":true}]}}