{"id":182856,"date":"2023-04-06T14:00:00","date_gmt":"2023-04-06T13:00:00","guid":{"rendered":"https:\/\/www.tucomarca.com\/wordpress\/segunda\/?p=182856"},"modified":"2023-04-08T10:16:04","modified_gmt":"2023-04-08T09:16:04","slug":"es-presenta-a-xest-el-curt-documental-la-memoria-dels-nostres-arbres","status":"publish","type":"post","link":"https:\/\/www.tucomarca.com\/wordpress\/segunda\/ca\/es-presenta-a-xest-el-curt-documental-la-memoria-dels-nostres-arbres\/","title":{"rendered":"Es presenta a Xest el curt documental La Mem\u00f2ria dels nostres arbres"},"content":{"rendered":"\n<figure class=\"wp-block-gallery has-nested-images columns-default is-cropped wp-block-gallery-1 is-layout-flex wp-block-gallery-is-layout-flex\">\n<figure class=\"wp-block-image size-large\"><img loading=\"lazy\" decoding=\"async\" width=\"886\" height=\"591\" data-id=\"182849\" src=\"http:\/\/www.tucomarca.com\/wordpress\/segunda\/wp-content\/uploads\/2023\/04\/Cheste_MemoriaNuestrosArboles_3.jpg\" alt=\"\" class=\"wp-image-182849\" srcset=\"https:\/\/www.tucomarca.com\/wordpress\/segunda\/wp-content\/uploads\/2023\/04\/Cheste_MemoriaNuestrosArboles_3.jpg 886w, https:\/\/www.tucomarca.com\/wordpress\/segunda\/wp-content\/uploads\/2023\/04\/Cheste_MemoriaNuestrosArboles_3-300x200.jpg 300w, https:\/\/www.tucomarca.com\/wordpress\/segunda\/wp-content\/uploads\/2023\/04\/Cheste_MemoriaNuestrosArboles_3-768x512.jpg 768w\" sizes=\"auto, (max-width: 886px) 100vw, 886px\" \/><\/figure>\n\n\n\n<figure class=\"wp-block-image size-large\"><img loading=\"lazy\" decoding=\"async\" width=\"886\" height=\"591\" data-id=\"182847\" src=\"http:\/\/www.tucomarca.com\/wordpress\/segunda\/wp-content\/uploads\/2023\/04\/Cheste_MemoriaNuestrosArboles_2.jpg\" alt=\"\" class=\"wp-image-182847\" srcset=\"https:\/\/www.tucomarca.com\/wordpress\/segunda\/wp-content\/uploads\/2023\/04\/Cheste_MemoriaNuestrosArboles_2.jpg 886w, https:\/\/www.tucomarca.com\/wordpress\/segunda\/wp-content\/uploads\/2023\/04\/Cheste_MemoriaNuestrosArboles_2-300x200.jpg 300w, https:\/\/www.tucomarca.com\/wordpress\/segunda\/wp-content\/uploads\/2023\/04\/Cheste_MemoriaNuestrosArboles_2-768x512.jpg 768w\" sizes=\"auto, (max-width: 886px) 100vw, 886px\" \/><\/figure>\n<\/figure>\n\n\n\n<p>La sala d&#8217;actes de l&#8217;Associaci\u00f3 Ateneu L&#8217;Alian\u00e7a es va omplir dilluns passat 3 d&#8217;abril, amb motiu de la presentaci\u00f3 del curt documental La Mem\u00f2ria dels nostres arbres, a c\u00e0rrec de l&#8217;educadora ambiental de l&#8217;Ajuntament, Sandra Fraile, impulsora d&#8217;aquest projecte que t\u00e9 com a objectiu conscienciar a la poblaci\u00f3 sobre el valor dels arbres a trav\u00e9s de la recopilaci\u00f3 d&#8217;hist\u00f2ries viscudes entorn d&#8217;exemplars singulars de Xest.<\/p>\n\n\n\n<p>\u201cEspere que hui us aneu d&#8217;ac\u00ed m\u00e9s conscienciats i que aprengueu alguna cosa sobre els arbres, aqueixos \u00e9ssers intel\u00b7ligents i amb una capacitat d&#8217;adaptaci\u00f3 sorprenent, els \u00e9ssers vius m\u00e9s solidaris i imprescindibles que existeixen, ja que aporten molt i demanen molt poc, si b\u00e9 encara aix\u00ed encara s\u00f3n maltractats, menystinguts i oblidats. Des del moment en qu\u00e8 vaig comen\u00e7ar a entendre els arbres i les seues diferents esp\u00e8cies no he pogut parar de fascinar-me amb ells i em dol cada vegada que un exemplar \u00e9s tractat com un objecte merament decoratiu o inert, sense vida, al qual se li pot fer qualsevol cosa\u201d, apuntava Frare durant la presentaci\u00f3.<\/p>\n\n\n\n<p>Tal com va explicar l&#8217;educadora ambiental, des que va comen\u00e7ar a treballar a l&#8217;Ajuntament, al mar\u00e7 de 2022, va tindre com a objectiu conscienciar a la poblaci\u00f3 sobre el respecte a l&#8217;arbre i, a partir d&#8217;aqueixa idea, es va anar forjant el projecte. \u201cXest no \u00e9s un poble en el qual predominen arbres grans i vells, per la qual cosa ha sigut complex trobar exemplars interessants i gent que volguera contar les seues hist\u00f2ries, per\u00f2 gr\u00e0cies a la persones que es van anar involucrant, van anar apareixent aqueixos testimoniatges dels arbres que ens han vist cr\u00e9ixer, ens han donat oxigen, ombra i aliment. Tant de bo que a partir de hui sorgisquen molts m\u00e9s perqu\u00e8 puguem explicar-los en el pr\u00f2xim cap\u00edtol. Agra\u00efsc a totes les persones que han fet possible la realitzaci\u00f3 d&#8217;aquest documental perqu\u00e8 la hist\u00f2ria d&#8217;aquests arbres no s&#8217;obliden. Per m\u00e9s arboles sans i vells als nostres carrers i muntanyes, per m\u00e9s ve\u00efns i ve\u00efnes de Xest volent i cuidant als seus arbres als seus carrers\u201d, destacava Frare abans de donar pas a la projecci\u00f3.<\/p>\n","protected":false},"excerpt":{"rendered":"<div class=\"mh-excerpt\">La sala d&#8217;actes de l&#8217;Associaci\u00f3 Ateneu L&#8217;Alian\u00e7a es va omplir dilluns passat 3 d&#8217;abril, amb motiu de la presentaci\u00f3 del curt documental La Mem\u00f2ria dels nostres arbres, a c\u00e0rrec de l&#8217;educadora ambiental de l&#8217;Ajuntament, Sandra <a class=\"mh-excerpt-more\" href=\"https:\/\/www.tucomarca.com\/wordpress\/segunda\/ca\/es-presenta-a-xest-el-curt-documental-la-memoria-dels-nostres-arbres\/\" title=\"Es presenta a Xest el curt documental La Mem\u00f2ria dels nostres arbres\">[+] <\/a><\/div>\n","protected":false},"author":12,"featured_media":182846,"comment_status":"open","ping_status":"open","sticky":false,"template":"","format":"gallery","meta":{"footnotes":""},"categories":[10905,10948,10894,10912,10903,11007,10896,10974],"tags":[11071,10914,12166,19012],"class_list":{"0":"post-182856","1":"post","2":"type-post","3":"status-publish","4":"format-gallery","5":"has-post-thumbnail","7":"category-agricultura-la-comarca-ca","8":"category-infraestructuras-ca","9":"category-la-comarca-ca","10":"category-la-hoya-ca","11":"category-medio-ambiente-la-comarca-ca","12":"category-ocio-y-cultura-ca","13":"category-seccion-ca","14":"category-cheste-ca","15":"tag-cheste","16":"tag-la-hoya-de-bunol-chiva-ca","17":"tag-medio-ambiente-ca","18":"tag-memoria-de-nuestros-arboles-ca","19":"post_format-post-format-gallery"},"_links":{"self":[{"href":"https:\/\/www.tucomarca.com\/wordpress\/segunda\/ca\/wp-json\/wp\/v2\/posts\/182856","targetHints":{"allow":["GET"]}}],"collection":[{"href":"https:\/\/www.tucomarca.com\/wordpress\/segunda\/ca\/wp-json\/wp\/v2\/posts"}],"about":[{"href":"https:\/\/www.tucomarca.com\/wordpress\/segunda\/ca\/wp-json\/wp\/v2\/types\/post"}],"author":[{"embeddable":true,"href":"https:\/\/www.tucomarca.com\/wordpress\/segunda\/ca\/wp-json\/wp\/v2\/users\/12"}],"replies":[{"embeddable":true,"href":"https:\/\/www.tucomarca.com\/wordpress\/segunda\/ca\/wp-json\/wp\/v2\/comments?post=182856"}],"version-history":[{"count":0,"href":"https:\/\/www.tucomarca.com\/wordpress\/segunda\/ca\/wp-json\/wp\/v2\/posts\/182856\/revisions"}],"wp:featuredmedia":[{"embeddable":true,"href":"https:\/\/www.tucomarca.com\/wordpress\/segunda\/ca\/wp-json\/wp\/v2\/media\/182846"}],"wp:attachment":[{"href":"https:\/\/www.tucomarca.com\/wordpress\/segunda\/ca\/wp-json\/wp\/v2\/media?parent=182856"}],"wp:term":[{"taxonomy":"category","embeddable":true,"href":"https:\/\/www.tucomarca.com\/wordpress\/segunda\/ca\/wp-json\/wp\/v2\/categories?post=182856"},{"taxonomy":"post_tag","embeddable":true,"href":"https:\/\/www.tucomarca.com\/wordpress\/segunda\/ca\/wp-json\/wp\/v2\/tags?post=182856"}],"curies":[{"name":"wp","href":"https:\/\/api.w.org\/{rel}","templated":true}]}}