{"id":182949,"date":"2023-04-06T12:12:00","date_gmt":"2023-04-06T11:12:00","guid":{"rendered":"https:\/\/www.tucomarca.com\/wordpress\/segunda\/?p=182949"},"modified":"2023-04-08T10:30:57","modified_gmt":"2023-04-08T09:30:57","slug":"el-pp-de-requena-incorpora-a-adolfo-munoz-loro-amb-mes-de-18-anys-dexperiencia-com-a-director-de-recursos-humans-regional-de-campofrio","status":"publish","type":"post","link":"https:\/\/www.tucomarca.com\/wordpress\/segunda\/ca\/el-pp-de-requena-incorpora-a-adolfo-munoz-loro-amb-mes-de-18-anys-dexperiencia-com-a-director-de-recursos-humans-regional-de-campofrio\/","title":{"rendered":"El PP de Requena incorpora a Adolfo Mu\u00f1oz Loro, amb m\u00e9s de 18 anys d&#8217;experi\u00e8ncia com a director de recursos humans regional de Campofr\u00edo"},"content":{"rendered":"\n<p>&#8220;Des del Partit Popular de Requena estem molt contents d&#8217;anunciar la incorporaci\u00f3 a la candidatura d&#8217;Adolfo Mu\u00f1oz Loro, que compta amb m\u00e9s de 24 anys d&#8217;experi\u00e8ncia en la direcci\u00f3 de recursos humans,dels quals 18 anys com a director de recursos humans regional de Campofr\u00edo Food Group&#8221;. &#8220;En concret, va estar m\u00e9s de 8 anys en la planta de Trujillo i m\u00e9s de 9 anys en Torrent (Val\u00e8ncia) dirigint a al voltant de 400 persones. A m\u00e9s, ha desenvolupat totes les \u00e0rees de recursos humans en empreses de distribuci\u00f3, d&#8217;algunes ONG o d&#8217;\u00e0mbit industrial.<\/p>\n\n\n\n<p>Entre la seua \u00e0mplia formaci\u00f3, destaquem que \u00e9s diplomat en relacions laborals per la Universitat Complutense de Madrid, m\u00e0ster en direcci\u00f3 i gesti\u00f3 de recursos humans i m\u00e0ster en prevenci\u00f3 de riscos laborals especialitzat en seguretat, higiene i ergonomia&#8221; expliquen els populars.<\/p>\n\n\n\n<p>\u201cLi donem la benvinguda i les gr\u00e0cies pel pas que ha donat, per incorporar tots els seus coneixements i experi\u00e8ncia en una \u00e0rea tan important com els recursos humans i demostrar que estem en un projecte centrat en atraure als millors professionals per a Requena\u201d, ha assenyalat la candidata a l&#8217;alcaldia, Roc\u00edo Cort\u00e9s. &#8220;Li motiven els nous reptes i est\u00e0 disposat a col\u00b7laborar amb els altres per a retornar a Requena al lloc que mereix.<\/p>\n\n\n\n<p>Aquesta incorporaci\u00f3 mostra les intencions i perspectives de la formaci\u00f3 per a liderar l&#8217;alcaldia en els pr\u00f2xims anys. Anunciem que al llarg d&#8217;aquests dies anirem donant a con\u00e9ixer a la resta de persones que acompanyen a la candidata, un equip d&#8217;homes i dones amb experi\u00e8ncia, solv\u00e8ncia i frescor, combinant joventut i experi\u00e8ncia que fan un pas al capdavant per a donar el millor de nosaltres per Requena&#8221; destaquen les fonts. Informa,&nbsp;<strong>Luis Ib\u00e1\u00f1ez.<\/strong><\/p>\n\n\n\n<p><\/p>\n","protected":false},"excerpt":{"rendered":"<div class=\"mh-excerpt\">&#8220;Des del Partit Popular de Requena estem molt contents d&#8217;anunciar la incorporaci\u00f3 a la candidatura d&#8217;Adolfo Mu\u00f1oz Loro, que compta amb m\u00e9s de 24 anys d&#8217;experi\u00e8ncia en la direcci\u00f3 de recursos humans,dels quals 18 anys <a class=\"mh-excerpt-more\" href=\"https:\/\/www.tucomarca.com\/wordpress\/segunda\/ca\/el-pp-de-requena-incorpora-a-adolfo-munoz-loro-amb-mes-de-18-anys-dexperiencia-com-a-director-de-recursos-humans-regional-de-campofrio\/\" title=\"El PP de Requena incorpora a Adolfo Mu\u00f1oz Loro, amb m\u00e9s de 18 anys d&#8217;experi\u00e8ncia com a director de recursos humans regional de Campofr\u00edo\">[+] <\/a><\/div>\n","protected":false},"author":12,"featured_media":182948,"comment_status":"open","ping_status":"open","sticky":false,"template":"","format":"standard","meta":{"footnotes":""},"categories":[10894,10947,10908,10909,10896],"tags":[16592,11099,10910],"class_list":{"0":"post-182949","1":"post","2":"type-post","3":"status-publish","4":"format-standard","5":"has-post-thumbnail","7":"category-la-comarca-ca","8":"category-politica","9":"category-requena-ca","10":"category-requena-utiel-ca","11":"category-seccion-ca","12":"tag-pp-requena-ca","13":"tag-requena-ca","14":"tag-requena-utiel-ca"},"_links":{"self":[{"href":"https:\/\/www.tucomarca.com\/wordpress\/segunda\/ca\/wp-json\/wp\/v2\/posts\/182949","targetHints":{"allow":["GET"]}}],"collection":[{"href":"https:\/\/www.tucomarca.com\/wordpress\/segunda\/ca\/wp-json\/wp\/v2\/posts"}],"about":[{"href":"https:\/\/www.tucomarca.com\/wordpress\/segunda\/ca\/wp-json\/wp\/v2\/types\/post"}],"author":[{"embeddable":true,"href":"https:\/\/www.tucomarca.com\/wordpress\/segunda\/ca\/wp-json\/wp\/v2\/users\/12"}],"replies":[{"embeddable":true,"href":"https:\/\/www.tucomarca.com\/wordpress\/segunda\/ca\/wp-json\/wp\/v2\/comments?post=182949"}],"version-history":[{"count":0,"href":"https:\/\/www.tucomarca.com\/wordpress\/segunda\/ca\/wp-json\/wp\/v2\/posts\/182949\/revisions"}],"wp:featuredmedia":[{"embeddable":true,"href":"https:\/\/www.tucomarca.com\/wordpress\/segunda\/ca\/wp-json\/wp\/v2\/media\/182948"}],"wp:attachment":[{"href":"https:\/\/www.tucomarca.com\/wordpress\/segunda\/ca\/wp-json\/wp\/v2\/media?parent=182949"}],"wp:term":[{"taxonomy":"category","embeddable":true,"href":"https:\/\/www.tucomarca.com\/wordpress\/segunda\/ca\/wp-json\/wp\/v2\/categories?post=182949"},{"taxonomy":"post_tag","embeddable":true,"href":"https:\/\/www.tucomarca.com\/wordpress\/segunda\/ca\/wp-json\/wp\/v2\/tags?post=182949"}],"curies":[{"name":"wp","href":"https:\/\/api.w.org\/{rel}","templated":true}]}}