{"id":183203,"date":"2023-04-11T13:00:00","date_gmt":"2023-04-11T12:00:00","guid":{"rendered":"https:\/\/www.tucomarca.com\/wordpress\/segunda\/?p=183203"},"modified":"2023-04-12T20:56:55","modified_gmt":"2023-04-12T19:56:55","slug":"riba-roja-celebra-el-30-aniversari-del-conservatori-professional-de-dansa-amb-mes-de-200-graduats-en-la-seua-trajectoria-i-amb-el-repte-futur-de-formar-ne-part-de-la-xarxa-publica-de-la-generalitat","status":"publish","type":"post","link":"https:\/\/www.tucomarca.com\/wordpress\/segunda\/ca\/riba-roja-celebra-el-30-aniversari-del-conservatori-professional-de-dansa-amb-mes-de-200-graduats-en-la-seua-trajectoria-i-amb-el-repte-futur-de-formar-ne-part-de-la-xarxa-publica-de-la-generalitat\/","title":{"rendered":"Riba-roja celebra el 30 aniversari del Conservatori Professional de Dansa amb m\u00e9s de 200 graduats en la seua traject\u00f2ria i amb el repte futur de formar-ne part de la Xarxa P\u00fablica de la Generalitat \u00a0"},"content":{"rendered":"\n<h4 class=\"wp-block-heading\">El ayuntamiento realiza un acto conmemorativo de las tres d\u00e9cadas de funcionamiento del centro con la asistencia de un p\u00fablico numeroso para alabar la trayectoria del conservatorio como referente valenciano<\/h4>\n\n\n\n<figure class=\"wp-block-gallery has-nested-images columns-2 is-cropped wp-block-gallery-1 is-layout-flex wp-block-gallery-is-layout-flex\">\n<figure class=\"wp-block-image size-large\"><img loading=\"lazy\" decoding=\"async\" width=\"886\" height=\"498\" data-id=\"183194\" src=\"http:\/\/www.tucomarca.com\/wordpress\/segunda\/wp-content\/uploads\/2023\/04\/danzaRiba2.jpg\" alt=\"\" class=\"wp-image-183194\" srcset=\"https:\/\/www.tucomarca.com\/wordpress\/segunda\/wp-content\/uploads\/2023\/04\/danzaRiba2.jpg 886w, https:\/\/www.tucomarca.com\/wordpress\/segunda\/wp-content\/uploads\/2023\/04\/danzaRiba2-300x169.jpg 300w, https:\/\/www.tucomarca.com\/wordpress\/segunda\/wp-content\/uploads\/2023\/04\/danzaRiba2-768x432.jpg 768w, https:\/\/www.tucomarca.com\/wordpress\/segunda\/wp-content\/uploads\/2023\/04\/danzaRiba2-678x381.jpg 678w\" sizes=\"auto, (max-width: 886px) 100vw, 886px\" \/><\/figure>\n\n\n\n<figure class=\"wp-block-image size-large\"><img loading=\"lazy\" decoding=\"async\" width=\"986\" height=\"657\" data-id=\"183196\" src=\"http:\/\/www.tucomarca.com\/wordpress\/segunda\/wp-content\/uploads\/2023\/04\/danzaRiba3.jpg\" alt=\"\" class=\"wp-image-183196\" srcset=\"https:\/\/www.tucomarca.com\/wordpress\/segunda\/wp-content\/uploads\/2023\/04\/danzaRiba3.jpg 986w, https:\/\/www.tucomarca.com\/wordpress\/segunda\/wp-content\/uploads\/2023\/04\/danzaRiba3-300x200.jpg 300w, https:\/\/www.tucomarca.com\/wordpress\/segunda\/wp-content\/uploads\/2023\/04\/danzaRiba3-768x512.jpg 768w\" sizes=\"auto, (max-width: 986px) 100vw, 986px\" \/><\/figure>\n\n\n\n<figure class=\"wp-block-image size-large\"><img loading=\"lazy\" decoding=\"async\" width=\"1181\" height=\"484\" data-id=\"183198\" src=\"http:\/\/www.tucomarca.com\/wordpress\/segunda\/wp-content\/uploads\/2023\/04\/ConservatorioRiba.jpg\" alt=\"\" class=\"wp-image-183198\" srcset=\"https:\/\/www.tucomarca.com\/wordpress\/segunda\/wp-content\/uploads\/2023\/04\/ConservatorioRiba.jpg 1181w, https:\/\/www.tucomarca.com\/wordpress\/segunda\/wp-content\/uploads\/2023\/04\/ConservatorioRiba-300x123.jpg 300w, https:\/\/www.tucomarca.com\/wordpress\/segunda\/wp-content\/uploads\/2023\/04\/ConservatorioRiba-1024x420.jpg 1024w, https:\/\/www.tucomarca.com\/wordpress\/segunda\/wp-content\/uploads\/2023\/04\/ConservatorioRiba-768x315.jpg 768w\" sizes=\"auto, (max-width: 1181px) 100vw, 1181px\" \/><\/figure>\n<\/figure>\n\n\n\n<p>El Conservatorio Profesional Municipal de Danza de Riba-roja de T\u00faria ha celebrado el trig\u00e9simo cumplea\u00f1os de su nacimiento con una fiesta de conmemoraci\u00f3n de la ocasi\u00f3n que ha tenido lugar en el Auditorio de la Casa de Cultura. El acto ha contado con la asistencia de un numeroso p\u00fablico entre el cual hab\u00eda alumnos, ex-alumnos, profesores del centro, el actual alcalde, Robert Raga, adem\u00e1s de los pol\u00edticos que han pasado a lo largo de las tres d\u00e9cadas y el vecindario del municipio que ha querido apoyar en el centro municipal por su tarea social y cultural, con m\u00e1s de 200 graduados en total.&nbsp;<\/p>\n\n\n\n<p>El acto conmemorativo cont\u00f3 con los parlamentos y locuciones de las personas que han hecho posible el funcionamiento del centro durante los treinta a\u00f1os en los cuales se puso de relieve el valor del trabajo cultural que otorga a la sociedad local y al resto de municipios de la Comunidad Valenciana. En el homenaje se pudo fruir de dos piezas de baile a cargo de los alumnos como el \u201cLago de los Cisnes\u201d en el estilo cl\u00e1sico y el \u201cBolero de Rabel\u201d en cuanto al estilo espa\u00f1ol.&nbsp;<\/p>\n\n\n\n<p>Hay que recordar que fue en 1993 que el Ayuntamiento de Riba-roja de T\u00faria puso en marcha el conservatorio profesional municipal de danza con los estudios elementales en un primer momento que, en el ninguno de unos meses, se ampli\u00f3 con los estudios profesionales que permiten a sus alumnos bailar en una compa\u00f1\u00eda. La primera fase de los estudios permite los alumnos aprender los cimientos elementales a lo largo de los cuatro a\u00f1os de duraci\u00f3n total.&nbsp;<\/p>\n\n\n\n<p>En una segunda fase acceden a la ense\u00f1anza profesional, con una prueba de acceso incluida, que tiene una duraci\u00f3n de seis a\u00f1os. De esta forma, con los diez a\u00f1os de que constan las dos etapas, elemental y profesional, est\u00e1n capacitados completamente para bailar y trabajar profesionalmente en cualquier compa\u00f1\u00eda de Espa\u00f1a y de todo el mundo. De hecho, muchos de los alumnos que han pasado por sus aulas han podido trabajar en otras compa\u00f1\u00edas, como el caso de Ver\u00f3nica Soriano en la compa\u00f1\u00eda de Antonio M\u00e1rquez, Raquel Tamarit en la compa\u00f1\u00eda de Rojas y Rodr\u00edguez, Raquel Caur\u00edn y Fany Ruiz en la compa\u00f1\u00eda de Joaqu\u00edn Cort\u00e9s, Carmen Andr\u00e9s en el Ballet de Stuttgart, Paloma Galiana en el Teatro Nacinal de Mannheim, Miguel Piquer en el Ballet de Saratoga, Cristian Garc\u00eda en el Ballet Nacional de Espa\u00f1a, Marina Rodr\u00edguez en la compa\u00f1\u00eda la Veronal o Alba Valenciano en el Teatro Mainfranken, entre otros.&nbsp;<\/p>\n\n\n\n<p>El conservatorio profesional municipal de danza de Riba-roja de T\u00faria es un referente en cuanto a sus estudios y una de las primeras que se puso en marcha en la Comunidad en la d\u00e9cada de los norantes junto en Alicante, Novelda, Val\u00e8ncia y Castell\u00f3, cinco en total en el \u00e1mbito valenciano. En las suyos aulas estudian alumnos venidos de muchos municipios, de diversa procedencia geogr\u00e1fica, como por ejemplo Ll\u00edria, la Pobla de Vallbona, l&#8217;Eliana, Torrent, Loriguilla, Aldaia, Chiva, N\u00e1quera, Ontinyent, la Vall d&#8217;Uix\u00f3 o Val\u00e8ncia, entre otros.&nbsp;<\/p>\n\n\n\n<p>Actualmente, hay alrededor de doscientos alumnos que cursan alguno de los cursos de que consta el centro de Riba-roja de T\u00faria, en su fase elemental o profesional, y quince profesores los que dan clase. En el centro se imparten dos estilos, de un lado el estilo espa\u00f1ol en el cual los zapatos de tal\u00f3n y las casta\u00f1uelas son los rasgos caracter\u00edsticos mientras que el estilo cl\u00e1sico se caracteriza por el uso de zapatos de punta y de media punta. Los alumnos de la fase elemental reciben clase dos d\u00edas en la semana con cuatro horas en total durante los cursos de primero, segundo y tercero y de quince horas semanales todos los d\u00edas los del cuarto curso. Por el que a la ense\u00f1anza profesional, reciben cinco horas diarias de lunes a viernes.&nbsp;<\/p>\n\n\n\n<p>Precisamente, el gran \u00e9xito de participaci\u00f3n y su financiaci\u00f3n, \u00edntegramente municipal, ha llevado el Ayuntamiento de Riba-roja de T\u00faria a reclamar en la Generalitat Valenciana que asuma el coste econ\u00f3mico con su inclusi\u00f3n en la Red P\u00fablica de Conservatorios de la administraci\u00f3n auton\u00f3mica. De hecho, el de Riba-roja de T\u00faria es uno de los cuatro conservatorios profesionales de danza de la Comunidad Valenciana que se combinan, actualmente, con la ense\u00f1anza de la m\u00fasica.&nbsp;<\/p>\n\n\n\n<p>El director del conservatorio profesional municipal de danza de Riba-roja de T\u00faria, Carlos Labi\u00f3s, ha subrayado que a lo largo de los treinta a\u00f1os \u201cla palabra familia describe a la perfecci\u00f3n la sensaci\u00f3n que se desprende cuando se estudia o se trabaja a nuestro conservatorio, una comuni\u00f3n entre alumnado y profesorado que nos lleva a la memoria recuerdos de esfuerzo, trabajo y felicidad, 30 a\u00f1os de trabajo y superaci\u00f3n en los momentos dif\u00edciles; cuando la educaci\u00f3n y la cultura ha sufrido, el conservatorio siempre ha salido bien hacia delante con el apoyo de las familias y del resto de los estamentos de la cultura y la educaci\u00f3n\u201d.&nbsp;<\/p>\n\n\n\n<p>El alcalde de Riba-roja de T\u00faria, Robert Raga, ha anunciado que en 2025 habr\u00e1 otro edificio nuevo con los 2\u20195 millones de la Generalitat y el dinero municipal previsto miedo llevarlo adelante \u201ccon mejores y m\u00e1s modernas prestaciones, son entidades de vital importancia porque promueven la formaci\u00f3n t\u00e9cnica y art\u00edstica de alta calidad, fomentan la cultura y las artes en nuestra sociedad y pueden tener un impacto positivo en la salud f\u00edsica y mental de nuestros ni\u00f1os, ni\u00f1as y j\u00f3venes\u201d.<\/p>\n","protected":false},"excerpt":{"rendered":"<div class=\"mh-excerpt\">El ayuntamiento realiza un acto conmemorativo de las tres d\u00e9cadas de funcionamiento del centro con la asistencia de un p\u00fablico numeroso para alabar la trayectoria del conservatorio como referente valenciano El Conservatorio Profesional Municipal de <a class=\"mh-excerpt-more\" href=\"https:\/\/www.tucomarca.com\/wordpress\/segunda\/ca\/riba-roja-celebra-el-30-aniversari-del-conservatori-professional-de-dansa-amb-mes-de-200-graduats-en-la-seua-trajectoria-i-amb-el-repte-futur-de-formar-ne-part-de-la-xarxa-publica-de-la-generalitat\/\" title=\"Riba-roja celebra el 30 aniversari del Conservatori Professional de Dansa amb m\u00e9s de 200 graduats en la seua traject\u00f2ria i amb el repte futur de formar-ne part de la Xarxa P\u00fablica de la Generalitat \u00a0\">[+] <\/a><\/div>\n","protected":false},"author":12,"featured_media":183201,"comment_status":"open","ping_status":"open","sticky":false,"template":"","format":"gallery","meta":{"footnotes":""},"categories":[10892,11005,10894,11007,10906,10896],"tags":[10899,19035,15024],"class_list":{"0":"post-183203","1":"post","2":"type-post","3":"status-publish","4":"format-gallery","5":"has-post-thumbnail","7":"category-camp-de-turia-ca","8":"category-canal-musica","9":"category-la-comarca-ca","10":"category-ocio-y-cultura-ca","11":"category-riba-roja-ca","12":"category-seccion-ca","13":"tag-camp-de-turia-ca","14":"tag-conservatorio-profesional-de-danza-ca","15":"tag-riba-roja-de-turia-ca","16":"post_format-post-format-gallery"},"_links":{"self":[{"href":"https:\/\/www.tucomarca.com\/wordpress\/segunda\/ca\/wp-json\/wp\/v2\/posts\/183203","targetHints":{"allow":["GET"]}}],"collection":[{"href":"https:\/\/www.tucomarca.com\/wordpress\/segunda\/ca\/wp-json\/wp\/v2\/posts"}],"about":[{"href":"https:\/\/www.tucomarca.com\/wordpress\/segunda\/ca\/wp-json\/wp\/v2\/types\/post"}],"author":[{"embeddable":true,"href":"https:\/\/www.tucomarca.com\/wordpress\/segunda\/ca\/wp-json\/wp\/v2\/users\/12"}],"replies":[{"embeddable":true,"href":"https:\/\/www.tucomarca.com\/wordpress\/segunda\/ca\/wp-json\/wp\/v2\/comments?post=183203"}],"version-history":[{"count":0,"href":"https:\/\/www.tucomarca.com\/wordpress\/segunda\/ca\/wp-json\/wp\/v2\/posts\/183203\/revisions"}],"wp:featuredmedia":[{"embeddable":true,"href":"https:\/\/www.tucomarca.com\/wordpress\/segunda\/ca\/wp-json\/wp\/v2\/media\/183201"}],"wp:attachment":[{"href":"https:\/\/www.tucomarca.com\/wordpress\/segunda\/ca\/wp-json\/wp\/v2\/media?parent=183203"}],"wp:term":[{"taxonomy":"category","embeddable":true,"href":"https:\/\/www.tucomarca.com\/wordpress\/segunda\/ca\/wp-json\/wp\/v2\/categories?post=183203"},{"taxonomy":"post_tag","embeddable":true,"href":"https:\/\/www.tucomarca.com\/wordpress\/segunda\/ca\/wp-json\/wp\/v2\/tags?post=183203"}],"curies":[{"name":"wp","href":"https:\/\/api.w.org\/{rel}","templated":true}]}}