{"id":183260,"date":"2023-04-13T15:00:00","date_gmt":"2023-04-13T14:00:00","guid":{"rendered":"https:\/\/www.tucomarca.com\/wordpress\/segunda\/?p=183260"},"modified":"2023-04-13T18:30:37","modified_gmt":"2023-04-13T17:30:37","slug":"la-banda-municipal-de-a-corunya-presenta-un-cd-monografic-del-compositor-valencia-i-director-del-cim-larmonica-saul-gomez-soler","status":"publish","type":"post","link":"https:\/\/www.tucomarca.com\/wordpress\/segunda\/ca\/la-banda-municipal-de-a-corunya-presenta-un-cd-monografic-del-compositor-valencia-i-director-del-cim-larmonica-saul-gomez-soler\/","title":{"rendered":"La Banda Municipal de A Corunya presenta un CD monogr\u00e0fic del compositor valenci\u00e0 i director del CIM &#8220;L&#8217;Arm\u00f2nica&#8221;, Sa\u00fcl G\u00f3mez Soler\u00a0"},"content":{"rendered":"\n<h4 class=\"wp-block-heading\">L&#8217;enregistrament correspon al concert que la formaci\u00f3 gallega va oferir el passat 5 de mar\u00e7 en el Teatre Col\u00f3n.<\/h4>\n\n\n\n<h4 class=\"wp-block-heading\">El treball inclou una versi\u00f3 in\u00e8dita de Leonardo Dreams, enc\u00e0rrec de la banda Harmonie de Gilde de la localitat belga de Asse.<\/h4>\n\n\n\n<h4 class=\"wp-block-heading\">El CD, titulat Breath, estar\u00e0 disponible en les plataformes digitals a partir del divendres 21 d&#8217;abril.<\/h4>\n\n\n\n<p>La m\u00fasica del compositor valenci\u00e0 Sa\u00fcl G\u00f3mez Soler i director titular del CIM &#8220;L&#8217;Harm\u00f2nica&#8221; de Bunyol, \u00e9s la protagonista del CD&nbsp;<em>Breath<\/em>, el nou treball de la Banda Municipal de M\u00fasica de la Corunya que estar\u00e0 disponible en totes les plataformes digitals a partir del pr\u00f2xim 21 d&#8217;abril.<\/p>\n\n\n\n<p>L&#8217;enregistrament correspon al concert que la banda gallega va oferir el passat 5 de mar\u00e7 en el Teatre Col\u00f3n de la Corunya dedicat al compositor valenci\u00e0, que va ser tamb\u00e9 l&#8217;encarregat de dirigir el concert, i el repertori del qual va estar compost \u00edntegrament per obres de la seua autoria. L&#8217;acolliment del concert, amb el qual es va obrir la programaci\u00f3 de mar\u00e7 corresponent als cicles d&#8217;Hivern i Primavera, va ser tot un \u00e8xit per part del p\u00fablic i el resultat musical tan bo que des de la Banda es va decidir publicar aquest enregistrament.<\/p>\n\n\n\n<p>Sota el t\u00edtol&nbsp;<em>Breath<\/em>, el CD recull obres tan importants del cat\u00e0leg del m\u00fasic valenci\u00e0 com el pasdoble&nbsp;<em>Jes\u00fas Bordera<\/em>&nbsp;o el concert per a trompeta solista i banda&nbsp;<em>Spices<\/em>, que va comptar amb la col\u00b7laboraci\u00f3 del trompetista de la Banda Municipal de M\u00fasica de la Corunya Bernardo Landrove, aix\u00ed com&nbsp;<em>Breath<\/em>&nbsp;(que dona t\u00edtol al CD) i&nbsp;<em>Gioia<\/em>&nbsp;(versi\u00f3 per a banda&nbsp; d&#8217;una composici\u00f3 original per a conjunt de metalls i percussi\u00f3).<\/p>\n\n\n\n<p>El disc es tanca amb la reconeguda obra&nbsp;<em>Leonardo Dreams<\/em>, una composici\u00f3 que descobreix la imaginaci\u00f3 de&nbsp;Leonardo da Vinci&nbsp;a trav\u00e9s de diversos apartats vinculats a la vida i obra del geni florent\u00ed, en aquesta ocasi\u00f3 en una versi\u00f3 in\u00e8dita que s&#8217;ha interpretat i gravat per primera vegada a Espanya i que respon a l&#8217;enc\u00e0rrec que li va realitzar a Sa\u00fcl la banda Harmonie de Gilde de la localitat belga de Asse.<\/p>\n\n\n\n<p>El compositor d&#8217;Ontinyent es mostra molt content amb aquest enregistrament i mostra el seu agra\u00efment a la Banda Municipal de la Corunya:&nbsp;<em>\u201cPer a mi \u00e9s un aut\u00e8ntic luxe poder publicar la meua m\u00fasica en un enregistrament de tanta qualitat interpretativa realitzada pels excel\u00b7lents professors de la Banda Municipal de la Corunya\u201d.<\/em><\/p>\n\n\n\n<p>Amb aquest nou disc Sa\u00fcl G\u00f3mez Soler suma un nou t\u00edtol al seu cat\u00e0leg discogr\u00e0fic que el mes de novembre passat es va veure incrementat amb la publicaci\u00f3 de&nbsp;<em>Gioia<\/em>, un disc editat pel segell holand\u00e9s Molenaar que inclou cinc de les seues obres editades amb la marca europea:&nbsp;<em>Leonardo Dreams, Gioia, Scent, Eternal vibrations&nbsp;<\/em>i la seua&nbsp;<em>simfonia n\u00fam. 1 Stones and Siga<\/em>.<\/p>\n\n\n<div class=\"wp-block-image\">\n<figure class=\"aligncenter size-large is-resized\"><img loading=\"lazy\" decoding=\"async\" src=\"http:\/\/www.tucomarca.com\/wordpress\/segunda\/wp-content\/uploads\/2023\/04\/CDBreath-1024x1024.jpeg\" alt=\"\" class=\"wp-image-183258\" width=\"523\" height=\"523\" srcset=\"https:\/\/www.tucomarca.com\/wordpress\/segunda\/wp-content\/uploads\/2023\/04\/CDBreath-1024x1024.jpeg 1024w, https:\/\/www.tucomarca.com\/wordpress\/segunda\/wp-content\/uploads\/2023\/04\/CDBreath-300x300.jpeg 300w, https:\/\/www.tucomarca.com\/wordpress\/segunda\/wp-content\/uploads\/2023\/04\/CDBreath-290x290.jpeg 290w, https:\/\/www.tucomarca.com\/wordpress\/segunda\/wp-content\/uploads\/2023\/04\/CDBreath-768x768.jpeg 768w, https:\/\/www.tucomarca.com\/wordpress\/segunda\/wp-content\/uploads\/2023\/04\/CDBreath.jpeg 1417w\" sizes=\"auto, (max-width: 523px) 100vw, 523px\" \/><\/figure>\n<\/div>\n\n\n<p><\/p>\n","protected":false},"excerpt":{"rendered":"<div class=\"mh-excerpt\">L&#8217;enregistrament correspon al concert que la formaci\u00f3 gallega va oferir el passat 5 de mar\u00e7 en el Teatre Col\u00f3n. El treball inclou una versi\u00f3 in\u00e8dita de Leonardo Dreams, enc\u00e0rrec de la banda Harmonie de Gilde <a class=\"mh-excerpt-more\" href=\"https:\/\/www.tucomarca.com\/wordpress\/segunda\/ca\/la-banda-municipal-de-a-corunya-presenta-un-cd-monografic-del-compositor-valencia-i-director-del-cim-larmonica-saul-gomez-soler\/\" title=\"La Banda Municipal de A Corunya presenta un CD monogr\u00e0fic del compositor valenci\u00e0 i director del CIM &#8220;L&#8217;Arm\u00f2nica&#8221;, Sa\u00fcl G\u00f3mez Soler\u00a0\">[+] <\/a><\/div>\n","protected":false},"author":12,"featured_media":152392,"comment_status":"open","ping_status":"open","sticky":false,"template":"","format":"standard","meta":{"footnotes":""},"categories":[10911,11005,10894,10912,11007,10896],"tags":[19038,19039,10913,11209,10914,15091],"class_list":{"0":"post-183260","1":"post","2":"type-post","3":"status-publish","4":"format-standard","5":"has-post-thumbnail","7":"category-bunol-ca","8":"category-canal-musica","9":"category-la-comarca-ca","10":"category-la-hoya-ca","11":"category-ocio-y-cultura-ca","12":"category-seccion-ca","13":"tag-banda-municipal-de-a-coruna-ca","14":"tag-breath-ca","15":"tag-bunol-ca","16":"tag-cim-la-armonica-de-bunol-ca","17":"tag-la-hoya-de-bunol-chiva-ca","18":"tag-saul-gomez-soler-ca"},"_links":{"self":[{"href":"https:\/\/www.tucomarca.com\/wordpress\/segunda\/ca\/wp-json\/wp\/v2\/posts\/183260","targetHints":{"allow":["GET"]}}],"collection":[{"href":"https:\/\/www.tucomarca.com\/wordpress\/segunda\/ca\/wp-json\/wp\/v2\/posts"}],"about":[{"href":"https:\/\/www.tucomarca.com\/wordpress\/segunda\/ca\/wp-json\/wp\/v2\/types\/post"}],"author":[{"embeddable":true,"href":"https:\/\/www.tucomarca.com\/wordpress\/segunda\/ca\/wp-json\/wp\/v2\/users\/12"}],"replies":[{"embeddable":true,"href":"https:\/\/www.tucomarca.com\/wordpress\/segunda\/ca\/wp-json\/wp\/v2\/comments?post=183260"}],"version-history":[{"count":0,"href":"https:\/\/www.tucomarca.com\/wordpress\/segunda\/ca\/wp-json\/wp\/v2\/posts\/183260\/revisions"}],"wp:featuredmedia":[{"embeddable":true,"href":"https:\/\/www.tucomarca.com\/wordpress\/segunda\/ca\/wp-json\/wp\/v2\/media\/152392"}],"wp:attachment":[{"href":"https:\/\/www.tucomarca.com\/wordpress\/segunda\/ca\/wp-json\/wp\/v2\/media?parent=183260"}],"wp:term":[{"taxonomy":"category","embeddable":true,"href":"https:\/\/www.tucomarca.com\/wordpress\/segunda\/ca\/wp-json\/wp\/v2\/categories?post=183260"},{"taxonomy":"post_tag","embeddable":true,"href":"https:\/\/www.tucomarca.com\/wordpress\/segunda\/ca\/wp-json\/wp\/v2\/tags?post=183260"}],"curies":[{"name":"wp","href":"https:\/\/api.w.org\/{rel}","templated":true}]}}