{"id":183319,"date":"2023-04-13T16:30:00","date_gmt":"2023-04-13T15:30:00","guid":{"rendered":"https:\/\/www.tucomarca.com\/wordpress\/segunda\/?p=183319"},"modified":"2023-04-14T12:19:41","modified_gmt":"2023-04-14T11:19:41","slug":"la-unio-alerta-que-la-sequera-amenaca-ja-a-alguns-cultius-en-la-comunitat-valenciana-amb-especial-incidencia-als-cereals-i-a-la-falta-de-pastura","status":"publish","type":"post","link":"https:\/\/www.tucomarca.com\/wordpress\/segunda\/ca\/la-unio-alerta-que-la-sequera-amenaca-ja-a-alguns-cultius-en-la-comunitat-valenciana-amb-especial-incidencia-als-cereals-i-a-la-falta-de-pastura\/","title":{"rendered":"La Uni\u00f3 alerta que la sequera amena\u00e7a ja a alguns cultius en la Comunitat Valenciana amb especial incid\u00e8ncia als cereals i a la falta de pastura"},"content":{"rendered":"\n<h4 class=\"wp-block-heading\">L&#8217;organitzaci\u00f3 planteja una bateria de mesures per a pal\u00b7liar les p\u00e8rdues dels productors<\/h4>\n\n\n\n<p>La Uni\u00f3 Llauradora alerta que la falta de pluges amena\u00e7a seriosament ja alguns cultius en la Comunitat Valenciana, amb especial incid\u00e8ncia de manera immediata per als cereals que no han germinat en la major part dels casos des de la sembra.<\/p>\n\n\n\n<p>L&#8217;organitzaci\u00f3 assenyala que els cereals de la major part del nostre territori estan en una situaci\u00f3 dram\u00e0tica. No han tingut nasc\u00e8ncia i els que ho han fet \u00e9s amb una baixa producci\u00f3 i qualitat per la sequera que es pateix en les zones productores. Les sembres primerenques s&#8217;estan assecant per dies, les tardanes han nascut molt mal i si no plou prompte caldr\u00e0 veure en quina situaci\u00f3 final queden. A tots aquests problemes climatol\u00f2gics cal sumar la incid\u00e8ncia de la fauna salvatge en el cultiu. La superf\u00edcie plantada de cereals (blat, ordi, avena, s\u00e9gol i triticale) en la Comunitat Valenciana durant aquesta campanya ronda les 25.000 hect\u00e0rees, molt similar a la del passat any.<\/p>\n\n\n\n<p>A part dels cereals cal ressenyar la resta dels cultius de sec\u00e0 on existeix preocupaci\u00f3 sobre com els afectar\u00e0 en el cas de no ploure durant els pr\u00f2xims mesos. \u00c9s el cas de la vinya, ametler, olivar o cirera on s&#8217;esperen pluges per a evitar un futur minvament de collita.<\/p>\n\n\n\n<p>En el cas dels cultius de regadiu cal assenyalar que la sequera i les altes temperatures provoquen un increment del cost dels regs sense ni tan sols poder compensar-los amb la doble tarifa el\u00e8ctrica per a abaratir la factura.<\/p>\n\n\n\n<p>L&#8217;abs\u00e8ncia de pluges provoca de la mateixa manera la falta de pastures i el considerable augment del cost de l&#8217;alimentaci\u00f3 animal per a la ramaderia extensiva a causa de la necessitat de compra de pinso que ho suplisca.<\/p>\n\n\n\n<p>La Uni\u00f3 demana que s&#8217;adopten mesures urgents que en el cas dels cereals seria poder llaurar la superf\u00edcie sembrada per a deixar-la en guaret abans de finalitzar el per\u00edode obligatori que s&#8217;estableix per a complir amb la condicionalitat de les ajudes de la PAC o permetre, d&#8217;ofici, l&#8217;entrada de bestiar en les parcel\u00b7les sembrades sense que aix\u00f2 afecte el compliment de la condicionalitat. Sobre la ramaderia extensiva, La Uni\u00f3 reclama una ajuda directa pels costos addicionals de l&#8217;alimentaci\u00f3 a conseq\u00fc\u00e8ncia de la sequera (s&#8217;inclou l&#8217;apicultura) i tamb\u00e9 una autoritzaci\u00f3 d&#8217;ofici per a permetre pasturar en parcel\u00b7les sense afectar la condicionalitat ni a les ajudes PAC<\/p>\n\n\n\n<p>En l\u00ednies generals, a banda de les mesures espec\u00edfiques per a estos sectors m\u00e9s amena\u00e7ats, La Uni\u00f3 demanda una bateria de mesures per a pal\u00b7liar els efectes de la sequera i entre elles una l\u00ednia de suport a les explotacions agr\u00edcoles i ramaderes amb p\u00e8rdues de producci\u00f3 bruta de, almenys, el 20% de la producci\u00f3.<\/p>\n\n\n\n<p>Tamb\u00e9 proposa una reducci\u00f3 dels \u00edndexs de rendiment net en l&#8217;\u00e0mbit de la Llei en la l\u00ednia que es realitzen anualment i per als titulars d&#8217;explotacions agr\u00e0ries afectades per la sequera i que tributen pel sistema d&#8217;estimaci\u00f3 directa en l&#8217;IRPF l&#8217;increment de les despeses de dif\u00edcil justificaci\u00f3 pels treballs realitzats per a pal\u00b7liar la sequera. Aix\u00ed mateix, demanda la condonaci\u00f3 del pagament de l&#8217;Impost de B\u00e9ns immobles dels b\u00e9ns afectes a l&#8217;activitat agr\u00e0ria (independentment si est\u00e0 en zona r\u00fastica o urbanitzable). En tractar-se d&#8217;un tribut local, la p\u00e8rdua d&#8217;ingressos dels ajuntaments i diputacions provincials siguen compensats amb c\u00e0rrec als Pressupostos Generals de l&#8217;Estat. De la mateixa manera sol\u00b7licita mesures laborals i de Seguretat Social, entre elles la condonaci\u00f3 en els pagaments de cotitzacions o quotes, aix\u00ed com la reducci\u00f3 per conting\u00e8ncies comunes; aix\u00ed com fons extraordinaris de lluita contra la sequera o pr\u00e9stecs per mediaci\u00f3 de l&#8217;ICO.<\/p>\n\n\n\n<p>Una altra mesura proposada per La Uni\u00f3 passa per la formalitzaci\u00f3 de convenis amb les entitats financeres que gestionen les ajudes PAC per a avan\u00e7ar, a cost zero, els pagaments abans de la conclusi\u00f3 del mes d&#8217;octubre i d&#8217;acord amb els imports percebuts en la campanya anterior. En aquest sentit, reclama la consideraci\u00f3 de la sequera a l&#8217;efecte de manteniment de la condici\u00f3 d&#8217;Agricultor Actiu, la bestreta de les ajudes de la PAC (primer i segon pilar) al 16 d&#8217;octubre o autoritzar la pastura en parcel\u00b7les dins del per\u00edode actualment de 6 mesos consecutius entre l&#8217;1 de gener i el 30 de setembre.<\/p>\n\n\n\n<p><\/p>\n","protected":false},"excerpt":{"rendered":"<div class=\"mh-excerpt\">L&#8217;organitzaci\u00f3 planteja una bateria de mesures per a pal\u00b7liar les p\u00e8rdues dels productors La Uni\u00f3 Llauradora alerta que la falta de pluges amena\u00e7a seriosament ja alguns cultius en la Comunitat Valenciana, amb especial incid\u00e8ncia de <a class=\"mh-excerpt-more\" href=\"https:\/\/www.tucomarca.com\/wordpress\/segunda\/ca\/la-unio-alerta-que-la-sequera-amenaca-ja-a-alguns-cultius-en-la-comunitat-valenciana-amb-especial-incidencia-als-cereals-i-a-la-falta-de-pastura\/\" title=\"La Uni\u00f3 alerta que la sequera amena\u00e7a ja a alguns cultius en la Comunitat Valenciana amb especial incid\u00e8ncia als cereals i a la falta de pastura\">[+] <\/a><\/div>\n","protected":false},"author":12,"featured_media":183318,"comment_status":"open","ping_status":"open","sticky":false,"template":"","format":"standard","meta":{"footnotes":""},"categories":[10890,10905,10951,10892,11046,10898,10948,10963,10894,10904,10912,10902,10903,10909,10896],"tags":[19041,19042,18022],"class_list":{"0":"post-183319","1":"post","2":"type-post","3":"status-publish","4":"format-standard","5":"has-post-thumbnail","7":"category-ademus","8":"category-agricultura-la-comarca-ca","9":"category-ayora-cofrentes-ca","10":"category-camp-de-turia-ca","11":"category-los-serranos-ca","12":"category-ventana-ca","13":"category-infraestructuras-ca","14":"category-la-canal-de-navarres-ca","15":"category-la-comarca-ca","16":"category-sin-categorizar-ca","17":"category-la-hoya-ca","18":"category-la-ribera-ca","19":"category-medio-ambiente-la-comarca-ca","20":"category-requena-utiel-ca","21":"category-seccion-ca","22":"tag-afectados-sequia-ca","23":"tag-falta-de-pasto-ca","24":"tag-la-unio-llauradora-ca"},"_links":{"self":[{"href":"https:\/\/www.tucomarca.com\/wordpress\/segunda\/ca\/wp-json\/wp\/v2\/posts\/183319","targetHints":{"allow":["GET"]}}],"collection":[{"href":"https:\/\/www.tucomarca.com\/wordpress\/segunda\/ca\/wp-json\/wp\/v2\/posts"}],"about":[{"href":"https:\/\/www.tucomarca.com\/wordpress\/segunda\/ca\/wp-json\/wp\/v2\/types\/post"}],"author":[{"embeddable":true,"href":"https:\/\/www.tucomarca.com\/wordpress\/segunda\/ca\/wp-json\/wp\/v2\/users\/12"}],"replies":[{"embeddable":true,"href":"https:\/\/www.tucomarca.com\/wordpress\/segunda\/ca\/wp-json\/wp\/v2\/comments?post=183319"}],"version-history":[{"count":0,"href":"https:\/\/www.tucomarca.com\/wordpress\/segunda\/ca\/wp-json\/wp\/v2\/posts\/183319\/revisions"}],"wp:featuredmedia":[{"embeddable":true,"href":"https:\/\/www.tucomarca.com\/wordpress\/segunda\/ca\/wp-json\/wp\/v2\/media\/183318"}],"wp:attachment":[{"href":"https:\/\/www.tucomarca.com\/wordpress\/segunda\/ca\/wp-json\/wp\/v2\/media?parent=183319"}],"wp:term":[{"taxonomy":"category","embeddable":true,"href":"https:\/\/www.tucomarca.com\/wordpress\/segunda\/ca\/wp-json\/wp\/v2\/categories?post=183319"},{"taxonomy":"post_tag","embeddable":true,"href":"https:\/\/www.tucomarca.com\/wordpress\/segunda\/ca\/wp-json\/wp\/v2\/tags?post=183319"}],"curies":[{"name":"wp","href":"https:\/\/api.w.org\/{rel}","templated":true}]}}