{"id":183503,"date":"2023-04-17T12:00:00","date_gmt":"2023-04-17T11:00:00","guid":{"rendered":"https:\/\/www.tucomarca.com\/wordpress\/segunda\/?p=183503"},"modified":"2023-04-17T14:00:17","modified_gmt":"2023-04-17T13:00:17","slug":"riba-roja-rebaixa-fins-als-18-dies-el-periode-mitja-de-pagament-a-les-empreses-proveidores-per-davall-del-termini-fixat-pel-ministeri-dhisenda","status":"publish","type":"post","link":"https:\/\/www.tucomarca.com\/wordpress\/segunda\/ca\/riba-roja-rebaixa-fins-als-18-dies-el-periode-mitja-de-pagament-a-les-empreses-proveidores-per-davall-del-termini-fixat-pel-ministeri-dhisenda\/","title":{"rendered":"Riba-roja rebaixa fins als 18 dies el per\u00edode mitj\u00e0 de pagament a les empreses prove\u00efdores per davall del termini fixat pel Ministeri d&#8217;Hisenda\u00a0"},"content":{"rendered":"\n<h4 class=\"wp-block-heading\">L&#8217;equip de govern dona compte al ple municipal de les dades facilitades pel Ministeri d&#8217;Hisenda que demostren un compliment escrupol\u00f3s en les obligacions amb els prove\u00efdors&nbsp;<\/h4>\n\n\n\n<p>L&#8217;Ajuntament de Riba-roja de T\u00faria ha superat amb escreix el termini m\u00e0xim fixat pel Ministeri d&#8217;Hisenda quant al per\u00edode mitj\u00e0 de pagament a les empreses prove\u00efdores en situar-se en 18\u201977 dies en total. Aquesta xifra suposa una reducci\u00f3 substancial en baixar dels 37\u201984 dies en plena pand\u00e8mia, final de l&#8217;any 2020, als 18\u201977 dies registrats en el quart trimestre de l&#8217;exercici econ\u00f2mic de l&#8217;any 2022.&nbsp;<\/p>\n\n\n\n<p>Les xifres donades a con\u00e9ixer pel Ministeri d&#8217;Hisenda demostren un compliment exhaustiu per part de l&#8217;Ajuntament de Riba-roja de T\u00faria en fixar en 18\u201977 dies el per\u00edode mitj\u00e0 de pagament a les empreses prove\u00efdores del municipi enfront dels 30 dies que figura com a m\u00e0xim. En el cas de Riba-roja de T\u00faria, el descens \u00e9s notable en passar dels 37\u201984 corresponents al quart trimestre de l&#8217;any 2020 als 18\u201977 dies del mateix per\u00edode de l&#8217;any 2022, \u00e9s a dir, amb una difer\u00e8ncia de dos anys.&nbsp;<\/p>\n\n\n\n<p>D&#8217;aquesta manera, l&#8217;Ajuntament de Riba-roja de T\u00faria compleix els par\u00e0metres exigits pel Ministeri d&#8217;Hisenda quant al per\u00edode mitj\u00e0 de pagament a les empreses prove\u00efdores despr\u00e9s de superar el termini de finals de l&#8217;any 2020 en plena pand\u00e8mia per la crisi sanit\u00e0ria provocada pel coronavirus. Des de llavors, l&#8217;administraci\u00f3 local ha agilitzat els tr\u00e0mits per a a el pagament de les citades factures de les empreses prove\u00efdores per davall, fins i tot, del per\u00edode exigit per Hisenda.&nbsp;<\/p>\n\n\n\n<p>Les millores en el per\u00edode mitj\u00e0 de pagament a les empreses prove\u00efdores de l&#8217;Ajuntament de Riba-roja de T\u00faria es completa amb l&#8217;aprovaci\u00f3 del pla de contractaci\u00f3 p\u00fablica corresponent al primer semestre de 2023 per un valor global de 20\u20197 milions d&#8217;euros. Les inversions totals inclouen els 16\u20196 milions d&#8217;euros aprovats a la fi del passat any i els 4\u20193 milions que s&#8217;han afegit despr\u00e9s de l&#8217;ampliaci\u00f3 confirmada en aquest inici d&#8217;any.&nbsp;<\/p>\n\n\n\n<p>Un dels objectius del pla de contractaci\u00f3 \u00e9s afavorir la participaci\u00f3 de les petites i mitjanes empreses (pimes) de Riba-roja de T\u00faria en el proc\u00e9s administratiu que es duu a terme a trav\u00e9s de les licitacions de les obres i projectes p\u00fablics. El pla reserva, a m\u00e9s, un altre 5% de l&#8217;import total de les licitacions aprovades als contractes destinats a Centres Especials d&#8217;Ocupaci\u00f3 i Empreses d&#8217;Inserci\u00f3, tal com es recull en l&#8217;actual ordenament jur\u00eddic. D&#8217;aquesta manera, l&#8217;objectiu \u00e9s afavorir la seua participaci\u00f3 en els respectius processos.&nbsp;<br>Un dels contractes m\u00e9s elevades quan la seua quantia econ\u00f2mica se centra en la neteja de les instal\u00b7lacions dels col\u00b7legis p\u00fablics existents en la localitat, formades pels Escoletes, el Quint, Eres Altes, Camp de T\u00faria i, finalment, Mes d\u2019Escote. El Cicle Integral de l&#8217;Aigua \u00e9s un altre dels valors econ\u00f2mics m\u00e9s elevats amb 3\u20192 milions d&#8217;euros i una duraci\u00f3 del contracte de 17 anys en total, adem\u00e1 d&#8217;un altre mili\u00f3 d&#8217;euros per al denominat Pla Renove, destinat als vials urbans i els camins rurals, amb una duraci\u00f3 de sis mesos.&nbsp;<\/p>\n\n\n\n<p>El per\u00edode mitj\u00e0 de pagament s&#8217;estableix com una de les mesures impulsades pel Ministeri d&#8217;Hisenda d&#8217;acord amb el Parlament Europeu per la qual s&#8217;estableixen mesura de lluita contra la morositat en les operacions comercials, amb l&#8217;objectiu d&#8217;evitar retards en el compliment del pagament de les factures que l&#8217;administraci\u00f3 p\u00fablica local ha d&#8217;abonar a cadascuna de les empreses prove\u00efdores de subministraments o serveis p\u00fablics.&nbsp;<\/p>\n\n\n\n<p>L&#8217;actual legislaci\u00f3 en mat\u00e8ria de pagament a les empreses prove\u00efdores estableix que el per\u00edode es fixa en un m\u00e0xim de 30 dies, que es comen\u00e7a a calcular a partir de l&#8217;aprovaci\u00f3 de les factures i no, com ocorria fins ara, que el termini es comen\u00e7ava a comptar des dels 30 dies seg\u00fcents a l&#8217;entrada de les mateixes en el registre d&#8217;entrada a l&#8217;ajuntament. D&#8217;aquesta manera, el per\u00edode de pagament s&#8217;estableix amb un major rigor i d&#8217;acord amb les possibilitats de l&#8217;administraci\u00f3.&nbsp;<\/p>\n\n\n\n<p>L&#8217;alcalde de Riba-roja, Robert Raga, ha afirmat que aquesta rebaixa en el termini mitj\u00e0 de pagament als prove\u00efdors de l&#8217;ajuntament \u201csignifica un esfor\u00e7 notable de tots departaments implicats en aquest proc\u00e9s administratiu i suposa que complim amb escreix les normatives reguladores a aquest efecte, fins al punt que hem aconseguit rebaixar-lo per davall dels par\u00e0metres que exigeix, actualment, pel Ministeri d&#8217;Hisenda i continuarem treballant per a seguir el mateix cam\u00ed\u201d.<\/p>\n\n\n\n<p><\/p>\n","protected":false},"excerpt":{"rendered":"<div class=\"mh-excerpt\">L&#8217;equip de govern dona compte al ple municipal de les dades facilitades pel Ministeri d&#8217;Hisenda que demostren un compliment escrupol\u00f3s en les obligacions amb els prove\u00efdors&nbsp; L&#8217;Ajuntament de Riba-roja de T\u00faria ha superat amb escreix <a class=\"mh-excerpt-more\" href=\"https:\/\/www.tucomarca.com\/wordpress\/segunda\/ca\/riba-roja-rebaixa-fins-als-18-dies-el-periode-mitja-de-pagament-a-les-empreses-proveidores-per-davall-del-termini-fixat-pel-ministeri-dhisenda\/\" title=\"Riba-roja rebaixa fins als 18 dies el per\u00edode mitj\u00e0 de pagament a les empreses prove\u00efdores per davall del termini fixat pel Ministeri d&#8217;Hisenda\u00a0\">[+] <\/a><\/div>\n","protected":false},"author":12,"featured_media":143921,"comment_status":"open","ping_status":"open","sticky":false,"template":"","format":"standard","meta":{"footnotes":""},"categories":[10892,10948,10894,10947,10906,10896],"tags":[10899,19065,15024],"class_list":{"0":"post-183503","1":"post","2":"type-post","3":"status-publish","4":"format-standard","5":"has-post-thumbnail","7":"category-camp-de-turia-ca","8":"category-infraestructuras-ca","9":"category-la-comarca-ca","10":"category-politica","11":"category-riba-roja-ca","12":"category-seccion-ca","13":"tag-camp-de-turia-ca","14":"tag-pago-a-proveedores-ca","15":"tag-riba-roja-de-turia-ca"},"_links":{"self":[{"href":"https:\/\/www.tucomarca.com\/wordpress\/segunda\/ca\/wp-json\/wp\/v2\/posts\/183503","targetHints":{"allow":["GET"]}}],"collection":[{"href":"https:\/\/www.tucomarca.com\/wordpress\/segunda\/ca\/wp-json\/wp\/v2\/posts"}],"about":[{"href":"https:\/\/www.tucomarca.com\/wordpress\/segunda\/ca\/wp-json\/wp\/v2\/types\/post"}],"author":[{"embeddable":true,"href":"https:\/\/www.tucomarca.com\/wordpress\/segunda\/ca\/wp-json\/wp\/v2\/users\/12"}],"replies":[{"embeddable":true,"href":"https:\/\/www.tucomarca.com\/wordpress\/segunda\/ca\/wp-json\/wp\/v2\/comments?post=183503"}],"version-history":[{"count":0,"href":"https:\/\/www.tucomarca.com\/wordpress\/segunda\/ca\/wp-json\/wp\/v2\/posts\/183503\/revisions"}],"wp:featuredmedia":[{"embeddable":true,"href":"https:\/\/www.tucomarca.com\/wordpress\/segunda\/ca\/wp-json\/wp\/v2\/media\/143921"}],"wp:attachment":[{"href":"https:\/\/www.tucomarca.com\/wordpress\/segunda\/ca\/wp-json\/wp\/v2\/media?parent=183503"}],"wp:term":[{"taxonomy":"category","embeddable":true,"href":"https:\/\/www.tucomarca.com\/wordpress\/segunda\/ca\/wp-json\/wp\/v2\/categories?post=183503"},{"taxonomy":"post_tag","embeddable":true,"href":"https:\/\/www.tucomarca.com\/wordpress\/segunda\/ca\/wp-json\/wp\/v2\/tags?post=183503"}],"curies":[{"name":"wp","href":"https:\/\/api.w.org\/{rel}","templated":true}]}}