{"id":183704,"date":"2023-04-20T20:00:00","date_gmt":"2023-04-20T19:00:00","guid":{"rendered":"https:\/\/www.tucomarca.com\/wordpress\/segunda\/?p=183704"},"modified":"2023-04-21T11:56:03","modified_gmt":"2023-04-21T10:56:03","slug":"lescola-de-viticultura-de-requena-organitza-una-ruta-per-a-coneixer-els-beneficis-de-la-gestio-forestal","status":"publish","type":"post","link":"https:\/\/www.tucomarca.com\/wordpress\/segunda\/ca\/lescola-de-viticultura-de-requena-organitza-una-ruta-per-a-coneixer-els-beneficis-de-la-gestio-forestal\/","title":{"rendered":"L&#8217;Escola de Viticultura de Requena organitza una ruta per a con\u00e9ixer els beneficis de la gesti\u00f3 forestal"},"content":{"rendered":"\n<h4 class=\"wp-block-heading\">El centre dependent de la&nbsp;Diputaci\u00f3&nbsp;de Val\u00e8ncia ha celebrat este dijous la Ruta Interpretativa sobre Gesti\u00f3 Forestal en el Camp de Pr\u00e0ctiques de \u2018El Almendro\u2019, en la pedania de El Rebollar (Requena)<\/h4>\n\n\n\n<p>L&#8217;Escola de Viticultura i Enologia de Requena ha dut a terme este dijous la coneguda com a Ruta Interpretativa sobre Gesti\u00f3 Forestal, una iniciativa que t\u00e9 com a objectiu principal traslladar de manera senzilla els beneficis dels espais forestals i la seua gesti\u00f3, i fer entendre que els paisatges forestals que observem ara s\u00f3n conseq\u00fc\u00e8ncia de la din\u00e0mica dels ecosistemes, els usos passats i la gesti\u00f3 que s&#8217;ha realitzat.<\/p>\n\n\n\n<p>L&#8217;excursi\u00f3, que ha comptat amb la pres\u00e8ncia de la diputada responsable de l&#8217;Escola de Viticultura i Enologia, s&#8217;ha realitzat en el Camp de Pr\u00e0ctiques i Experi\u00e8ncies forestals de \u2018El Almendro\u2019, una finca forestal de 35 Ha. situada en la pedania de El Rebollar (Requena), que va ser adquirida per la corporaci\u00f3 provincial en 2007 per a completar la formaci\u00f3 de l&#8217;alumnat de l&#8217;escola.<\/p>\n\n\n\n<p>El centre de formaci\u00f3 professional dependent de la Diputaci\u00f3 de Val\u00e8ncia ha dissenyat una ruta tant per a adults com per a xiquets. Amb un recorregut de 2 quil\u00f2metres, inclou una s\u00e8rie de parades interpretatives sobre aprofitaments i gesti\u00f3 forestal.<\/p>\n\n\n\n<p><strong>\u2018El Almendro\u2019<\/strong><\/p>\n\n\n\n<p>El Camp de Pr\u00e0ctiques i Experi\u00e8ncies forestals de \u2018El Almendro\u2019 juga un paper fonamental en la formaci\u00f3 de l\u2019alumnat de l&#8217;escola. La possibilitat de tindre una muntanya pr\u00f2pia i la maquin\u00e0ria necess\u00e0ria per a la realitzaci\u00f3 de les pr\u00e0ctiques (tractor de cadena, <em>skidder<\/em>, estelladores, desbrossadores, motoserres) permet afrontar una completa formaci\u00f3 de l&#8217;alumnat.<\/p>\n\n\n\n<p>En ell es realitzen multitud de pr\u00e0ctiques tant d&#8217;aprofitaments (fusters, ap\u00edcoles, cultius arom\u00e0tics) com de repoblacions, tractaments silv\u00edcoles, o educaci\u00f3 ambiental. Per tant, es tracta d&#8217;un complement essencial al desenvolupament de les classes te\u00f2riques.<\/p>\n\n\n\n<p><\/p>\n","protected":false},"excerpt":{"rendered":"<div class=\"mh-excerpt\">El centre dependent de la&nbsp;Diputaci\u00f3&nbsp;de Val\u00e8ncia ha celebrat este dijous la Ruta Interpretativa sobre Gesti\u00f3 Forestal en el Camp de Pr\u00e0ctiques de \u2018El Almendro\u2019, en la pedania de El Rebollar (Requena) L&#8217;Escola de Viticultura i <a class=\"mh-excerpt-more\" href=\"https:\/\/www.tucomarca.com\/wordpress\/segunda\/ca\/lescola-de-viticultura-de-requena-organitza-una-ruta-per-a-coneixer-els-beneficis-de-la-gestio-forestal\/\" title=\"L&#8217;Escola de Viticultura de Requena organitza una ruta per a con\u00e9ixer els beneficis de la gesti\u00f3 forestal\">[+] <\/a><\/div>\n","protected":false},"author":12,"featured_media":183703,"comment_status":"open","ping_status":"open","sticky":false,"template":"","format":"standard","meta":{"footnotes":""},"categories":[10905,10898,10948,10894,10903,10908,10909,10896],"tags":[11246,19079,11099,10910],"class_list":{"0":"post-183704","1":"post","2":"type-post","3":"status-publish","4":"format-standard","5":"has-post-thumbnail","7":"category-agricultura-la-comarca-ca","8":"category-ventana-ca","9":"category-infraestructuras-ca","10":"category-la-comarca-ca","11":"category-medio-ambiente-la-comarca-ca","12":"category-requena-ca","13":"category-requena-utiel-ca","14":"category-seccion-ca","15":"tag-diputacio-de-valencia-ca","16":"tag-escuela-de-viticultura-de-requena-ca","17":"tag-requena-ca","18":"tag-requena-utiel-ca"},"_links":{"self":[{"href":"https:\/\/www.tucomarca.com\/wordpress\/segunda\/ca\/wp-json\/wp\/v2\/posts\/183704","targetHints":{"allow":["GET"]}}],"collection":[{"href":"https:\/\/www.tucomarca.com\/wordpress\/segunda\/ca\/wp-json\/wp\/v2\/posts"}],"about":[{"href":"https:\/\/www.tucomarca.com\/wordpress\/segunda\/ca\/wp-json\/wp\/v2\/types\/post"}],"author":[{"embeddable":true,"href":"https:\/\/www.tucomarca.com\/wordpress\/segunda\/ca\/wp-json\/wp\/v2\/users\/12"}],"replies":[{"embeddable":true,"href":"https:\/\/www.tucomarca.com\/wordpress\/segunda\/ca\/wp-json\/wp\/v2\/comments?post=183704"}],"version-history":[{"count":0,"href":"https:\/\/www.tucomarca.com\/wordpress\/segunda\/ca\/wp-json\/wp\/v2\/posts\/183704\/revisions"}],"wp:featuredmedia":[{"embeddable":true,"href":"https:\/\/www.tucomarca.com\/wordpress\/segunda\/ca\/wp-json\/wp\/v2\/media\/183703"}],"wp:attachment":[{"href":"https:\/\/www.tucomarca.com\/wordpress\/segunda\/ca\/wp-json\/wp\/v2\/media?parent=183704"}],"wp:term":[{"taxonomy":"category","embeddable":true,"href":"https:\/\/www.tucomarca.com\/wordpress\/segunda\/ca\/wp-json\/wp\/v2\/categories?post=183704"},{"taxonomy":"post_tag","embeddable":true,"href":"https:\/\/www.tucomarca.com\/wordpress\/segunda\/ca\/wp-json\/wp\/v2\/tags?post=183704"}],"curies":[{"name":"wp","href":"https:\/\/api.w.org\/{rel}","templated":true}]}}