{"id":183852,"date":"2023-04-24T10:00:00","date_gmt":"2023-04-24T09:00:00","guid":{"rendered":"https:\/\/www.tucomarca.com\/wordpress\/segunda\/?p=183852"},"modified":"2023-04-24T18:42:17","modified_gmt":"2023-04-24T17:42:17","slug":"el-salo-de-plens-de-lajuntament-de-bunyol-alberga-la-constitucio-del-consell-sectorial-consultiu-desports","status":"publish","type":"post","link":"https:\/\/www.tucomarca.com\/wordpress\/segunda\/ca\/el-salo-de-plens-de-lajuntament-de-bunyol-alberga-la-constitucio-del-consell-sectorial-consultiu-desports\/","title":{"rendered":"El Sal\u00f3 de Plens de l&#8217;Ajuntament de Bunyol alberga la constituci\u00f3 del Consell Sectorial Consultiu d&#8217;Esports"},"content":{"rendered":"\n<p>Aquest dijous 27 d&#8217;abril a les 13h en el Sal\u00f3 de Plens de l&#8217;Ajuntament de Bunyol se celebra la constituci\u00f3 del Consell Sectorial Consultiu d&#8217;Esports.&nbsp;<br><br>Manuel Sierra, regidor d&#8217;Esports de l&#8217;Ajuntament de Bunyol, informa de la convocat\u00f2ria per a la constituci\u00f3 del Consell Sectorial Consultiu d&#8217;Esports, que tindr\u00e0 lloc dijous que ve 27 d&#8217;abril a les 13h en el Sal\u00f3 plenari del Consistori bu\u00f1olense.&nbsp;<\/p>\n\n\n\n<p>Tindr\u00e0 el seg\u00fcent ordre del dia: Informaci\u00f3 i presentaci\u00f3 d&#8217;acreditacions pels representants i entitats i associacions, i persones f\u00edsiques; constituci\u00f3 del consell; elecci\u00f3 de secretari\/a; presentaci\u00f3 APP per a tennis i p\u00e0del; propostes definitives relatives a la Gala de l&#8217;Esport 2023; programaci\u00f3 d&#8217;activitats; presentaci\u00f3 Club Ciclista el 8 de maig a les 19h en el Sal\u00f3 de Plens; i precs i preguntes.<\/p>\n\n\n\n<p>La creaci\u00f3 d&#8217;aquest Consell d&#8217;Esports ja arranca des de l&#8217;any passat i aquest \u00e9s l&#8217;\u00faltim tr\u00e0mit perqu\u00e8 tot estiga emparat sota la legalitat, amb un reglament espec\u00edfic i aprovat i consensuat per tots els agents i associacions esportives de la localitat en pro de cadascuna de les disciplines esportives presents a Bunyol.<\/p>\n\n\n\n<p><\/p>\n","protected":false},"excerpt":{"rendered":"<div class=\"mh-excerpt\">Aquest dijous 27 d&#8217;abril a les 13h en el Sal\u00f3 de Plens de l&#8217;Ajuntament de Bunyol se celebra la constituci\u00f3 del Consell Sectorial Consultiu d&#8217;Esports.&nbsp; Manuel Sierra, regidor d&#8217;Esports de l&#8217;Ajuntament de Bunyol, informa de <a class=\"mh-excerpt-more\" href=\"https:\/\/www.tucomarca.com\/wordpress\/segunda\/ca\/el-salo-de-plens-de-lajuntament-de-bunyol-alberga-la-constitucio-del-consell-sectorial-consultiu-desports\/\" title=\"El Sal\u00f3 de Plens de l&#8217;Ajuntament de Bunyol alberga la constituci\u00f3 del Consell Sectorial Consultiu d&#8217;Esports\">[+] <\/a><\/div>\n","protected":false},"author":12,"featured_media":126023,"comment_status":"open","ping_status":"open","sticky":false,"template":"","format":"standard","meta":{"footnotes":""},"categories":[10911,11003,10894,10912,11009,10947,10896],"tags":[10913,18628,10914],"class_list":{"0":"post-183852","1":"post","2":"type-post","3":"status-publish","4":"format-standard","5":"has-post-thumbnail","7":"category-bunol-ca","8":"category-sports","9":"category-la-comarca-ca","10":"category-la-hoya-ca","11":"category-polideportivo-ca","12":"category-politica","13":"category-seccion-ca","14":"tag-bunol-ca","15":"tag-consejo-sectorial-de-deportes-ca","16":"tag-la-hoya-de-bunol-chiva-ca"},"_links":{"self":[{"href":"https:\/\/www.tucomarca.com\/wordpress\/segunda\/ca\/wp-json\/wp\/v2\/posts\/183852","targetHints":{"allow":["GET"]}}],"collection":[{"href":"https:\/\/www.tucomarca.com\/wordpress\/segunda\/ca\/wp-json\/wp\/v2\/posts"}],"about":[{"href":"https:\/\/www.tucomarca.com\/wordpress\/segunda\/ca\/wp-json\/wp\/v2\/types\/post"}],"author":[{"embeddable":true,"href":"https:\/\/www.tucomarca.com\/wordpress\/segunda\/ca\/wp-json\/wp\/v2\/users\/12"}],"replies":[{"embeddable":true,"href":"https:\/\/www.tucomarca.com\/wordpress\/segunda\/ca\/wp-json\/wp\/v2\/comments?post=183852"}],"version-history":[{"count":0,"href":"https:\/\/www.tucomarca.com\/wordpress\/segunda\/ca\/wp-json\/wp\/v2\/posts\/183852\/revisions"}],"wp:featuredmedia":[{"embeddable":true,"href":"https:\/\/www.tucomarca.com\/wordpress\/segunda\/ca\/wp-json\/wp\/v2\/media\/126023"}],"wp:attachment":[{"href":"https:\/\/www.tucomarca.com\/wordpress\/segunda\/ca\/wp-json\/wp\/v2\/media?parent=183852"}],"wp:term":[{"taxonomy":"category","embeddable":true,"href":"https:\/\/www.tucomarca.com\/wordpress\/segunda\/ca\/wp-json\/wp\/v2\/categories?post=183852"},{"taxonomy":"post_tag","embeddable":true,"href":"https:\/\/www.tucomarca.com\/wordpress\/segunda\/ca\/wp-json\/wp\/v2\/tags?post=183852"}],"curies":[{"name":"wp","href":"https:\/\/api.w.org\/{rel}","templated":true}]}}