{"id":183912,"date":"2023-04-24T20:00:00","date_gmt":"2023-04-24T19:00:00","guid":{"rendered":"https:\/\/www.tucomarca.com\/wordpress\/segunda\/?p=183912"},"modified":"2023-04-24T20:54:12","modified_gmt":"2023-04-24T19:54:12","slug":"els-bombers-treballen-en-lincendi-duna-granja-bovina-a-requena-originat-en-unes-bales-de-palla","status":"publish","type":"post","link":"https:\/\/www.tucomarca.com\/wordpress\/segunda\/ca\/els-bombers-treballen-en-lincendi-duna-granja-bovina-a-requena-originat-en-unes-bales-de-palla\/","title":{"rendered":"Els bombers treballen en l&#8217;incendi d&#8217;una granja bovina a Requena originat en unes bales de palla"},"content":{"rendered":"\n<p>Un incendi iniciat en unes bales de palla ha afectat una granja bovina situada en el terme de Camp Arc\u00eds, a la comarca de Requena-Utiel, declarat a les 14,33 hores. <\/p>\n\n\n\n<p>El sinistre s&#8217;ha declarat a \u00faltima hora de la vesprada d&#8217;aquest dilluns i fins all\u00ed s&#8217;han despla\u00e7at cinc dotacions dels parcs de Requena i Xiva aix\u00ed com del parc de voluntaris de Cofrents, a m\u00e9s del sergent de Requena. L&#8217;incendi es trobava en una zona exterior de la granja, i els bombers han estat sufocant-ho amb les diferents dotacions, ajudant-se a m\u00e9s de maquin\u00e0ria pesant per a remoure les bales de palla. <\/p>\n\n\n\n<p>Passades les nou de la nit els efectius continuaven treballant en l&#8217;extinci\u00f3 del sinistre.<\/p>\n\n\n\n<figure class=\"wp-block-gallery has-nested-images columns-2 is-cropped wp-block-gallery-1 is-layout-flex wp-block-gallery-is-layout-flex\">\n<figure class=\"wp-block-image size-large\"><img loading=\"lazy\" decoding=\"async\" width=\"1920\" height=\"1440\" data-id=\"183909\" src=\"http:\/\/www.tucomarca.com\/wordpress\/segunda\/wp-content\/uploads\/2023\/04\/IncendioR1quenagranja4.jpeg\" alt=\"\" class=\"wp-image-183909\" srcset=\"https:\/\/www.tucomarca.com\/wordpress\/segunda\/wp-content\/uploads\/2023\/04\/IncendioR1quenagranja4.jpeg 1920w, https:\/\/www.tucomarca.com\/wordpress\/segunda\/wp-content\/uploads\/2023\/04\/IncendioR1quenagranja4-300x225.jpeg 300w, https:\/\/www.tucomarca.com\/wordpress\/segunda\/wp-content\/uploads\/2023\/04\/IncendioR1quenagranja4-1024x768.jpeg 1024w, https:\/\/www.tucomarca.com\/wordpress\/segunda\/wp-content\/uploads\/2023\/04\/IncendioR1quenagranja4-768x576.jpeg 768w, https:\/\/www.tucomarca.com\/wordpress\/segunda\/wp-content\/uploads\/2023\/04\/IncendioR1quenagranja4-1536x1152.jpeg 1536w, https:\/\/www.tucomarca.com\/wordpress\/segunda\/wp-content\/uploads\/2023\/04\/IncendioR1quenagranja4-678x509.jpeg 678w, https:\/\/www.tucomarca.com\/wordpress\/segunda\/wp-content\/uploads\/2023\/04\/IncendioR1quenagranja4-326x245.jpeg 326w, https:\/\/www.tucomarca.com\/wordpress\/segunda\/wp-content\/uploads\/2023\/04\/IncendioR1quenagranja4-80x60.jpeg 80w\" sizes=\"auto, (max-width: 1920px) 100vw, 1920px\" \/><\/figure>\n\n\n\n<figure class=\"wp-block-image size-large\"><img loading=\"lazy\" decoding=\"async\" width=\"1920\" height=\"1440\" data-id=\"183905\" src=\"http:\/\/www.tucomarca.com\/wordpress\/segunda\/wp-content\/uploads\/2023\/04\/IncendioR1quenagranja2.jpeg\" alt=\"\" class=\"wp-image-183905\" srcset=\"https:\/\/www.tucomarca.com\/wordpress\/segunda\/wp-content\/uploads\/2023\/04\/IncendioR1quenagranja2.jpeg 1920w, https:\/\/www.tucomarca.com\/wordpress\/segunda\/wp-content\/uploads\/2023\/04\/IncendioR1quenagranja2-300x225.jpeg 300w, https:\/\/www.tucomarca.com\/wordpress\/segunda\/wp-content\/uploads\/2023\/04\/IncendioR1quenagranja2-1024x768.jpeg 1024w, https:\/\/www.tucomarca.com\/wordpress\/segunda\/wp-content\/uploads\/2023\/04\/IncendioR1quenagranja2-768x576.jpeg 768w, https:\/\/www.tucomarca.com\/wordpress\/segunda\/wp-content\/uploads\/2023\/04\/IncendioR1quenagranja2-1536x1152.jpeg 1536w, https:\/\/www.tucomarca.com\/wordpress\/segunda\/wp-content\/uploads\/2023\/04\/IncendioR1quenagranja2-678x509.jpeg 678w, https:\/\/www.tucomarca.com\/wordpress\/segunda\/wp-content\/uploads\/2023\/04\/IncendioR1quenagranja2-326x245.jpeg 326w, https:\/\/www.tucomarca.com\/wordpress\/segunda\/wp-content\/uploads\/2023\/04\/IncendioR1quenagranja2-80x60.jpeg 80w\" sizes=\"auto, (max-width: 1920px) 100vw, 1920px\" \/><\/figure>\n\n\n\n<figure class=\"wp-block-image size-large\"><img loading=\"lazy\" decoding=\"async\" width=\"1920\" height=\"1440\" data-id=\"183903\" src=\"http:\/\/www.tucomarca.com\/wordpress\/segunda\/wp-content\/uploads\/2023\/04\/IncendioR1quenagranja1.jpeg\" alt=\"\" class=\"wp-image-183903\" srcset=\"https:\/\/www.tucomarca.com\/wordpress\/segunda\/wp-content\/uploads\/2023\/04\/IncendioR1quenagranja1.jpeg 1920w, https:\/\/www.tucomarca.com\/wordpress\/segunda\/wp-content\/uploads\/2023\/04\/IncendioR1quenagranja1-300x225.jpeg 300w, https:\/\/www.tucomarca.com\/wordpress\/segunda\/wp-content\/uploads\/2023\/04\/IncendioR1quenagranja1-1024x768.jpeg 1024w, https:\/\/www.tucomarca.com\/wordpress\/segunda\/wp-content\/uploads\/2023\/04\/IncendioR1quenagranja1-768x576.jpeg 768w, https:\/\/www.tucomarca.com\/wordpress\/segunda\/wp-content\/uploads\/2023\/04\/IncendioR1quenagranja1-1536x1152.jpeg 1536w, https:\/\/www.tucomarca.com\/wordpress\/segunda\/wp-content\/uploads\/2023\/04\/IncendioR1quenagranja1-678x509.jpeg 678w, https:\/\/www.tucomarca.com\/wordpress\/segunda\/wp-content\/uploads\/2023\/04\/IncendioR1quenagranja1-326x245.jpeg 326w, https:\/\/www.tucomarca.com\/wordpress\/segunda\/wp-content\/uploads\/2023\/04\/IncendioR1quenagranja1-80x60.jpeg 80w\" sizes=\"auto, (max-width: 1920px) 100vw, 1920px\" \/><\/figure>\n<\/figure>\n","protected":false},"excerpt":{"rendered":"<div class=\"mh-excerpt\">Un incendi iniciat en unes bales de palla ha afectat una granja bovina situada en el terme de Camp Arc\u00eds, a la comarca de Requena-Utiel, declarat a les 14,33 hores. El sinistre s&#8217;ha declarat a <a class=\"mh-excerpt-more\" href=\"https:\/\/www.tucomarca.com\/wordpress\/segunda\/ca\/els-bombers-treballen-en-lincendi-duna-granja-bovina-a-requena-originat-en-unes-bales-de-palla\/\" title=\"Els bombers treballen en l&#8217;incendi d&#8217;una granja bovina a Requena originat en unes bales de palla\">[+] <\/a><\/div>\n","protected":false},"author":1,"featured_media":183908,"comment_status":"open","ping_status":"open","sticky":false,"template":"","format":"gallery","meta":{"footnotes":""},"categories":[11030,10898,10948,10894,10909,10896,10897],"tags":[19093,12755,11099,10910],"class_list":{"0":"post-183912","1":"post","2":"type-post","3":"status-publish","4":"format-gallery","5":"has-post-thumbnail","7":"category-campo-arcis-ca","8":"category-ventana-ca","9":"category-infraestructuras-ca","10":"category-la-comarca-ca","11":"category-requena-utiel-ca","12":"category-seccion-ca","13":"category-sucesos-la-comarca-ca","14":"tag-granja-ca","15":"tag-incendio-ca","16":"tag-requena-ca","17":"tag-requena-utiel-ca","18":"post_format-post-format-gallery"},"_links":{"self":[{"href":"https:\/\/www.tucomarca.com\/wordpress\/segunda\/ca\/wp-json\/wp\/v2\/posts\/183912","targetHints":{"allow":["GET"]}}],"collection":[{"href":"https:\/\/www.tucomarca.com\/wordpress\/segunda\/ca\/wp-json\/wp\/v2\/posts"}],"about":[{"href":"https:\/\/www.tucomarca.com\/wordpress\/segunda\/ca\/wp-json\/wp\/v2\/types\/post"}],"author":[{"embeddable":true,"href":"https:\/\/www.tucomarca.com\/wordpress\/segunda\/ca\/wp-json\/wp\/v2\/users\/1"}],"replies":[{"embeddable":true,"href":"https:\/\/www.tucomarca.com\/wordpress\/segunda\/ca\/wp-json\/wp\/v2\/comments?post=183912"}],"version-history":[{"count":0,"href":"https:\/\/www.tucomarca.com\/wordpress\/segunda\/ca\/wp-json\/wp\/v2\/posts\/183912\/revisions"}],"wp:featuredmedia":[{"embeddable":true,"href":"https:\/\/www.tucomarca.com\/wordpress\/segunda\/ca\/wp-json\/wp\/v2\/media\/183908"}],"wp:attachment":[{"href":"https:\/\/www.tucomarca.com\/wordpress\/segunda\/ca\/wp-json\/wp\/v2\/media?parent=183912"}],"wp:term":[{"taxonomy":"category","embeddable":true,"href":"https:\/\/www.tucomarca.com\/wordpress\/segunda\/ca\/wp-json\/wp\/v2\/categories?post=183912"},{"taxonomy":"post_tag","embeddable":true,"href":"https:\/\/www.tucomarca.com\/wordpress\/segunda\/ca\/wp-json\/wp\/v2\/tags?post=183912"}],"curies":[{"name":"wp","href":"https:\/\/api.w.org\/{rel}","templated":true}]}}