{"id":183957,"date":"2023-04-23T09:00:00","date_gmt":"2023-04-23T08:00:00","guid":{"rendered":"https:\/\/www.tucomarca.com\/wordpress\/segunda\/?p=183957"},"modified":"2023-04-26T14:25:44","modified_gmt":"2023-04-26T13:25:44","slug":"sanitat-notifica-940-casos-nous-de-coronavirus-a-la-comunitat-valenciana-632-dels-quals-en-persones-majors-de-60-anys","status":"publish","type":"post","link":"https:\/\/www.tucomarca.com\/wordpress\/segunda\/ca\/sanitat-notifica-940-casos-nous-de-coronavirus-a-la-comunitat-valenciana-632-dels-quals-en-persones-majors-de-60-anys\/","title":{"rendered":"Sanitat notifica 940 casos nous de coronavirus a la Comunitat Valenciana, 632 dels quals en persones majors de 60 anys"},"content":{"rendered":"\n<h4 class=\"wp-block-heading\">Els hospitals valencians tenen 238 persones ingressades per COVID, 6 de les quals en l\u2019UCI<\/h4>\n\n\n\n<p>La Conselleria de Sanitat Universal i Salut P\u00fablica ha notificat un total de 940 casos nous de coronavirus confirmats per prova PCR o a trav\u00e9s de test d\u2019ant\u00edgens des de l\u2019\u00faltima actualitzaci\u00f3 divendres passat. Els nous casos per prov\u00edncies s\u00f3n 193 a Castell\u00f3 (197.296 en total), 275 a Alacant (537.671 en total) i 472 a Val\u00e8ncia (857.670 en total).<\/p>\n\n\n\n<p>632 d\u2019aquests casos s\u00f3n persones majors de 60 anys. Per prov\u00edncies: 149 de Castell\u00f3, 181 d\u2019Alacant i 302 de Val\u00e8ncia.<\/p>\n\n\n\n<p>Els hospitals valencians tenen actualment 238 persones ingressades per COVID, 6 de les quals en l\u2019UCI: 26 a la prov\u00edncia de Castell\u00f3, amb 2 pacients en UCI; 54 a la prov\u00edncia d\u2019Alacant, amb 2 pacients en UCI, i 158 a la prov\u00edncia de Val\u00e8ncia, amb 2 pacients en UCI.<\/p>\n\n\n\n<p>S\u2019han notificat 10 defuncions per coronavirus des de l\u2019\u00faltima actualitzaci\u00f3, totes amb data de defunci\u00f3 en els \u00faltims 7 dies. Es tracta de 6 dones, d\u2019entre 78 i 92 anys, i 4 homes, d\u2019entre 71 i 89 anys. El total de decessos des de l\u2019inici de la pand\u00e8mia ascendeix a 10.486, per prov\u00edncies: 1.269 a la prov\u00edncia de Castell\u00f3, 3.972 a la d\u2019Alacant i 5.245 a la de Val\u00e8ncia.<\/p>\n\n\n\n<p><\/p>\n","protected":false},"excerpt":{"rendered":"<div class=\"mh-excerpt\">Els hospitals valencians tenen 238 persones ingressades per COVID, 6 de les quals en l\u2019UCI La Conselleria de Sanitat Universal i Salut P\u00fablica ha notificat un total de 940 casos nous de coronavirus confirmats per <a class=\"mh-excerpt-more\" href=\"https:\/\/www.tucomarca.com\/wordpress\/segunda\/ca\/sanitat-notifica-940-casos-nous-de-coronavirus-a-la-comunitat-valenciana-632-dels-quals-en-persones-majors-de-60-anys\/\" title=\"Sanitat notifica 940 casos nous de coronavirus a la Comunitat Valenciana, 632 dels quals en persones majors de 60 anys\">[+] <\/a><\/div>\n","protected":false},"author":12,"featured_media":183956,"comment_status":"open","ping_status":"open","sticky":false,"template":"","format":"standard","meta":{"footnotes":""},"categories":[11010,12202,10948,10894,10904,10896,10897],"tags":[12165,11939,11940],"class_list":{"0":"post-183957","1":"post","2":"type-post","3":"status-publish","4":"format-standard","5":"has-post-thumbnail","7":"category-canal-salud","8":"category-covid-19-ca","9":"category-infraestructuras-ca","10":"category-la-comarca-ca","11":"category-sin-categorizar-ca","12":"category-seccion-ca","13":"category-sucesos-la-comarca-ca","14":"tag-conselleria-de-sanitat-ca","15":"tag-coronavirus-ca","16":"tag-covid-19-ca"},"_links":{"self":[{"href":"https:\/\/www.tucomarca.com\/wordpress\/segunda\/ca\/wp-json\/wp\/v2\/posts\/183957","targetHints":{"allow":["GET"]}}],"collection":[{"href":"https:\/\/www.tucomarca.com\/wordpress\/segunda\/ca\/wp-json\/wp\/v2\/posts"}],"about":[{"href":"https:\/\/www.tucomarca.com\/wordpress\/segunda\/ca\/wp-json\/wp\/v2\/types\/post"}],"author":[{"embeddable":true,"href":"https:\/\/www.tucomarca.com\/wordpress\/segunda\/ca\/wp-json\/wp\/v2\/users\/12"}],"replies":[{"embeddable":true,"href":"https:\/\/www.tucomarca.com\/wordpress\/segunda\/ca\/wp-json\/wp\/v2\/comments?post=183957"}],"version-history":[{"count":0,"href":"https:\/\/www.tucomarca.com\/wordpress\/segunda\/ca\/wp-json\/wp\/v2\/posts\/183957\/revisions"}],"wp:featuredmedia":[{"embeddable":true,"href":"https:\/\/www.tucomarca.com\/wordpress\/segunda\/ca\/wp-json\/wp\/v2\/media\/183956"}],"wp:attachment":[{"href":"https:\/\/www.tucomarca.com\/wordpress\/segunda\/ca\/wp-json\/wp\/v2\/media?parent=183957"}],"wp:term":[{"taxonomy":"category","embeddable":true,"href":"https:\/\/www.tucomarca.com\/wordpress\/segunda\/ca\/wp-json\/wp\/v2\/categories?post=183957"},{"taxonomy":"post_tag","embeddable":true,"href":"https:\/\/www.tucomarca.com\/wordpress\/segunda\/ca\/wp-json\/wp\/v2\/tags?post=183957"}],"curies":[{"name":"wp","href":"https:\/\/api.w.org\/{rel}","templated":true}]}}