{"id":184405,"date":"2023-04-28T12:55:00","date_gmt":"2023-04-28T11:55:00","guid":{"rendered":"https:\/\/www.tucomarca.com\/wordpress\/segunda\/?p=184405"},"modified":"2023-04-29T18:49:55","modified_gmt":"2023-04-29T17:49:55","slug":"pspv-psoe-lhospital-de-manises-millorara-les-seues-condicions-laborals-i-els-seus-serveis-despres-de-la-seua-reversio-a-gestio-publica","status":"publish","type":"post","link":"https:\/\/www.tucomarca.com\/wordpress\/segunda\/ca\/pspv-psoe-lhospital-de-manises-millorara-les-seues-condicions-laborals-i-els-seus-serveis-despres-de-la-seua-reversio-a-gestio-publica\/","title":{"rendered":"PSPV-PSOE: &#8220;L&#8217;Hospital de Manises millorar\u00e0 les seues condicions laborals i els seus serveis despr\u00e9s de la seua reversi\u00f3 a gesti\u00f3 p\u00fablica&#8221;"},"content":{"rendered":"\n<p>&#8220;Els ciutadans i ciutadanes usuaris de l&#8217;Hospital de Manises es beneficiaran de la millora de la qualitat del servei del mateix despr\u00e9s de la seua reversi\u00f3 a gesti\u00f3 p\u00fablica&#8221;. Un comprom\u00eds que ha fet p\u00fablic el PSPV al comit\u00e9 d&#8217;empresa del centre sanitari i que inclou tamb\u00e9, entre altres mesures, millorar les condicions laborals de la plantilla i augmentar les inversions.<br>&#8220;Cal recordar que actualment aquest departament de salut \u00e9s gestionat per Sanitas, el contracte de la qual acaba a l&#8217;abril de 2024, quan passar\u00e0 a ser gestionat de manera p\u00fablica, com ja ha ocorregut en els \u00faltims anys en altres hospitals valencians. Centres de salut p\u00fablica que l&#8217;anterior govern regional, del Partit Popular, va cedir a la gesti\u00f3 privada, amb les conseq\u00fc\u00e8ncies que totes i tots coneixem&#8221;.<br>Com indicava la diputada en les Corts Valencianes i responsable de sanitat, Carmen Mart\u00ednez: &#8220;Un dels pilars de la pol\u00edtica sanit\u00e0ria de Ximo Puig s&#8217;ha centrat en reconstruir el sistema p\u00fablic de salut al servei de les valencianes i valencians&#8221;. I garantia garantia que durant la pr\u00f2xima legislatura es pret\u00e9n continuar &#8220;aqueix full de ruta cap al p\u00fablic&#8221;.<br>A m\u00e9s, ressaltava que la reversi\u00f3 del departament de Manises \u00e9s &#8220;una demanda recurrent dels ve\u00efns dels municipis afectats&#8221;. &#8220;Enfortir el nostre sistema p\u00fablic de salut i posar-lo al servei de tots els ciutadans de manera universal \u00e9s un prioritat per al PSPV&#8221;, afirmava. Per contra, centres de gesti\u00f3 privada com \u00e9s hui el de Manises presenten, segons les seues pr\u00f2pies paraules: \u201cles pitjors condicions laborals, la m\u00ednima inversi\u00f3 tecnol\u00f2gica i la falta de direcci\u00f3&#8221;.<br>Els ve\u00efns i ve\u00efnes de les localitats que pertanyen a aquest departament de Salut, entre els quals es troba Alboraig, veuran, per tant, com millora la seua atenci\u00f3 quan la reversi\u00f3 p\u00fablica es fa\u00e7a efectiva. Com indica l&#8217;alcaldessa d&#8217;Alboraig, Paqui Collado: \u201cLa salut \u00e9s un dret i un b\u00e9 p\u00fablic i ha d&#8217;oferir-se, de manera p\u00fablica i gratu\u00efta a tota la ciutadania, sense excepci\u00f3, i d&#8217;una manera eficient i de primera qualitat\u201d.<\/p>\n","protected":false},"excerpt":{"rendered":"<div class=\"mh-excerpt\">&#8220;Els ciutadans i ciutadanes usuaris de l&#8217;Hospital de Manises es beneficiaran de la millora de la qualitat del servei del mateix despr\u00e9s de la seua reversi\u00f3 a gesti\u00f3 p\u00fablica&#8221;. Un comprom\u00eds que ha fet p\u00fablic <a class=\"mh-excerpt-more\" href=\"https:\/\/www.tucomarca.com\/wordpress\/segunda\/ca\/pspv-psoe-lhospital-de-manises-millorara-les-seues-condicions-laborals-i-els-seus-serveis-despres-de-la-seua-reversio-a-gestio-publica\/\" title=\"PSPV-PSOE: &#8220;L&#8217;Hospital de Manises millorar\u00e0 les seues condicions laborals i els seus serveis despr\u00e9s de la seua reversi\u00f3 a gesti\u00f3 p\u00fablica&#8221;\">[+] <\/a><\/div>\n","protected":false},"author":1,"featured_media":184403,"comment_status":"open","ping_status":"open","sticky":false,"template":"","format":"standard","meta":{"footnotes":""},"categories":[10973,10911,10892,10977,10980,10948,10894,10912,10978,10947,10906,10896,10974,10975],"tags":[11092,10914,11319],"class_list":{"0":"post-184405","1":"post","2":"type-post","3":"status-publish","4":"format-standard","5":"has-post-thumbnail","7":"category-alborache-ca","8":"category-bunol-ca","9":"category-camp-de-turia-ca","10":"category-godelleta-ca","11":"category-yatova-ca","12":"category-infraestructuras-ca","13":"category-la-comarca-ca","14":"category-la-hoya-ca","15":"category-macastre-ca","16":"category-politica","17":"category-riba-roja-ca","18":"category-seccion-ca","19":"category-cheste-ca","20":"category-chiva-ca","21":"tag-hospital-de-manises-ca","22":"tag-la-hoya-de-bunol-chiva-ca","23":"tag-pspv-psoe-ca"},"_links":{"self":[{"href":"https:\/\/www.tucomarca.com\/wordpress\/segunda\/ca\/wp-json\/wp\/v2\/posts\/184405","targetHints":{"allow":["GET"]}}],"collection":[{"href":"https:\/\/www.tucomarca.com\/wordpress\/segunda\/ca\/wp-json\/wp\/v2\/posts"}],"about":[{"href":"https:\/\/www.tucomarca.com\/wordpress\/segunda\/ca\/wp-json\/wp\/v2\/types\/post"}],"author":[{"embeddable":true,"href":"https:\/\/www.tucomarca.com\/wordpress\/segunda\/ca\/wp-json\/wp\/v2\/users\/1"}],"replies":[{"embeddable":true,"href":"https:\/\/www.tucomarca.com\/wordpress\/segunda\/ca\/wp-json\/wp\/v2\/comments?post=184405"}],"version-history":[{"count":0,"href":"https:\/\/www.tucomarca.com\/wordpress\/segunda\/ca\/wp-json\/wp\/v2\/posts\/184405\/revisions"}],"wp:featuredmedia":[{"embeddable":true,"href":"https:\/\/www.tucomarca.com\/wordpress\/segunda\/ca\/wp-json\/wp\/v2\/media\/184403"}],"wp:attachment":[{"href":"https:\/\/www.tucomarca.com\/wordpress\/segunda\/ca\/wp-json\/wp\/v2\/media?parent=184405"}],"wp:term":[{"taxonomy":"category","embeddable":true,"href":"https:\/\/www.tucomarca.com\/wordpress\/segunda\/ca\/wp-json\/wp\/v2\/categories?post=184405"},{"taxonomy":"post_tag","embeddable":true,"href":"https:\/\/www.tucomarca.com\/wordpress\/segunda\/ca\/wp-json\/wp\/v2\/tags?post=184405"}],"curies":[{"name":"wp","href":"https:\/\/api.w.org\/{rel}","templated":true}]}}