{"id":184655,"date":"2023-05-03T14:00:00","date_gmt":"2023-05-03T13:00:00","guid":{"rendered":"https:\/\/www.tucomarca.com\/wordpress\/segunda\/?p=184655"},"modified":"2023-05-03T20:29:43","modified_gmt":"2023-05-03T19:29:43","slug":"el-pspv-psoe-dalboraig-presenta-la-seua-candidatura-a-les-eleccions-municipals-encapcalada-per-paqui-collado","status":"publish","type":"post","link":"https:\/\/www.tucomarca.com\/wordpress\/segunda\/ca\/el-pspv-psoe-dalboraig-presenta-la-seua-candidatura-a-les-eleccions-municipals-encapcalada-per-paqui-collado\/","title":{"rendered":"El PSPV-PSOE d&#8217;Alboraig presenta la seua candidatura a les Eleccions Municipals encap\u00e7alada per Paqui Collado"},"content":{"rendered":"\n<p>El Parc de Sant Jaume acull aquest divendres, 5 de maig, a les 18,00 hores la presentaci\u00f3 de la candidatura del PSPV-PSOE a l&#8217;alcaldia d&#8217;Alboraig que est\u00e0 encap\u00e7alada per l&#8217;actual alcaldessa de la localitat, Paqui Collado.<\/p>\n\n\n\n<p>La presentaci\u00f3 de la candidatura dels socialistes d&#8217;Alboraig comptar\u00e0 amb la intervenci\u00f3 de Mako Mira, Secret\u00e0ria Auton\u00f2mica d&#8217;Economia; i de Toni Gaspar, President de la Diputaci\u00f3 de Val\u00e8ncia.<\/p>\n\n\n\n<p>La presentaci\u00f3 es tancar\u00e0 amb un vi d&#8217;honor per als i les assistents.<\/p>\n\n\n\n<p><\/p>\n","protected":false},"excerpt":{"rendered":"<div class=\"mh-excerpt\">El Parc de Sant Jaume acull aquest divendres, 5 de maig, a les 18,00 hores la presentaci\u00f3 de la candidatura del PSPV-PSOE a l&#8217;alcaldia d&#8217;Alboraig que est\u00e0 encap\u00e7alada per l&#8217;actual alcaldessa de la localitat, Paqui <a class=\"mh-excerpt-more\" href=\"https:\/\/www.tucomarca.com\/wordpress\/segunda\/ca\/el-pspv-psoe-dalboraig-presenta-la-seua-candidatura-a-les-eleccions-municipals-encapcalada-per-paqui-collado\/\" title=\"El PSPV-PSOE d&#8217;Alboraig presenta la seua candidatura a les Eleccions Municipals encap\u00e7alada per Paqui Collado\">[+] <\/a><\/div>\n","protected":false},"author":12,"featured_media":184654,"comment_status":"open","ping_status":"open","sticky":false,"template":"","format":"standard","meta":{"footnotes":""},"categories":[11019,10973,10948,10894,10912,10947,10896],"tags":[11224,18828,10914,19141,11607],"class_list":{"0":"post-184655","1":"post","2":"type-post","3":"status-publish","4":"format-standard","5":"has-post-thumbnail","7":"category-agenda-ca","8":"category-alborache-ca","9":"category-infraestructuras-ca","10":"category-la-comarca-ca","11":"category-la-hoya-ca","12":"category-politica","13":"category-seccion-ca","14":"tag-alborache-ca","15":"tag-elecciones-municipales-2023-ca","16":"tag-la-hoya-de-bunol-chiva-ca","17":"tag-paqui-collado-ca","18":"tag-pspv-psoe-alborache-ca"},"_links":{"self":[{"href":"https:\/\/www.tucomarca.com\/wordpress\/segunda\/ca\/wp-json\/wp\/v2\/posts\/184655","targetHints":{"allow":["GET"]}}],"collection":[{"href":"https:\/\/www.tucomarca.com\/wordpress\/segunda\/ca\/wp-json\/wp\/v2\/posts"}],"about":[{"href":"https:\/\/www.tucomarca.com\/wordpress\/segunda\/ca\/wp-json\/wp\/v2\/types\/post"}],"author":[{"embeddable":true,"href":"https:\/\/www.tucomarca.com\/wordpress\/segunda\/ca\/wp-json\/wp\/v2\/users\/12"}],"replies":[{"embeddable":true,"href":"https:\/\/www.tucomarca.com\/wordpress\/segunda\/ca\/wp-json\/wp\/v2\/comments?post=184655"}],"version-history":[{"count":0,"href":"https:\/\/www.tucomarca.com\/wordpress\/segunda\/ca\/wp-json\/wp\/v2\/posts\/184655\/revisions"}],"wp:featuredmedia":[{"embeddable":true,"href":"https:\/\/www.tucomarca.com\/wordpress\/segunda\/ca\/wp-json\/wp\/v2\/media\/184654"}],"wp:attachment":[{"href":"https:\/\/www.tucomarca.com\/wordpress\/segunda\/ca\/wp-json\/wp\/v2\/media?parent=184655"}],"wp:term":[{"taxonomy":"category","embeddable":true,"href":"https:\/\/www.tucomarca.com\/wordpress\/segunda\/ca\/wp-json\/wp\/v2\/categories?post=184655"},{"taxonomy":"post_tag","embeddable":true,"href":"https:\/\/www.tucomarca.com\/wordpress\/segunda\/ca\/wp-json\/wp\/v2\/tags?post=184655"}],"curies":[{"name":"wp","href":"https:\/\/api.w.org\/{rel}","templated":true}]}}