{"id":184678,"date":"2023-05-03T13:55:00","date_gmt":"2023-05-03T12:55:00","guid":{"rendered":"https:\/\/www.tucomarca.com\/wordpress\/segunda\/?p=184678"},"modified":"2023-05-03T21:02:40","modified_gmt":"2023-05-03T20:02:40","slug":"el-cd-bunyol-rep-a-laldaia-cf-despres-de-vencer-al-requena-sc-a-domicili-0-2-i-amb-lobjectiu-de-mantindres-en-llocs-de-promocio","status":"publish","type":"post","link":"https:\/\/www.tucomarca.com\/wordpress\/segunda\/ca\/el-cd-bunyol-rep-a-laldaia-cf-despres-de-vencer-al-requena-sc-a-domicili-0-2-i-amb-lobjectiu-de-mantindres-en-llocs-de-promocio\/","title":{"rendered":"El CD Bunyol rep a l&#8217;Aldaia CF despr\u00e9s de v\u00e9ncer al Requena SC a domicili (0-2) i amb l&#8217;objectiu de mantindre&#8217;s en llocs de promoci\u00f3"},"content":{"rendered":"\n<p>El Club Esportiu Bunyol rep aquest cap de setmana en el seu feu del Beltr\u00e1n B\u00e1guena la visita de l&#8217;Aldaia CF, equip situat en la novena posici\u00f3 de la taula del grup segon de la Regional Preferent valenciana. <\/p>\n\n\n\n<p>Els blancs arriben al xoc carregats de moral despr\u00e9s de la seua important\u00edssima \u00faltima vict\u00f2ria a domicili per 0 gols a 2 enfront del Requena SC, amb punts de Blas (en el minut 35) i de Aar\u00f3n (en el 82&#8242;). <\/p>\n\n\n\n<p>El CD Bunyol defensar\u00e0 per tant amb ungles i dents la seua tercera posici\u00f3 de la taula en la qual actualment es troba un equip que aspira a jugar, per habitaci\u00f3 any consecutiu, la promoci\u00f3 d&#8217;ascens a Tercera divisi\u00f3. <\/p>\n\n\n\n<p>Els de Luis Navarro no han de deixar escapar aquesta oportunitat de puntuar de tres a casa i davant el seu p\u00fablic si no volen que el seu m\u00e9s immediat perseguidor, el Paiporta CF (que actualment compta amb nom\u00e9s 3 punts menys que el Bunyol) els supere i arrabasse per tant la tercera posici\u00f3 de la taula i la conseg\u00fcent oportunitat de jugar una nova promoci\u00f3 d&#8217;ascens a Tercera divisi\u00f3, la quarta consecutiva i per la qual tant est\u00e0 lluitant l&#8217;equip de la Foia aquesta temporada.<\/p>\n\n\n\n<figure class=\"wp-block-image size-large\"><img loading=\"lazy\" decoding=\"async\" width=\"1024\" height=\"770\" src=\"http:\/\/www.tucomarca.com\/wordpress\/segunda\/wp-content\/uploads\/2023\/05\/RequenaCDBunol2-1024x770.jpg\" alt=\"\" class=\"wp-image-184671\" srcset=\"https:\/\/www.tucomarca.com\/wordpress\/segunda\/wp-content\/uploads\/2023\/05\/RequenaCDBunol2-1024x770.jpg 1024w, https:\/\/www.tucomarca.com\/wordpress\/segunda\/wp-content\/uploads\/2023\/05\/RequenaCDBunol2-300x225.jpg 300w, https:\/\/www.tucomarca.com\/wordpress\/segunda\/wp-content\/uploads\/2023\/05\/RequenaCDBunol2-768x577.jpg 768w, https:\/\/www.tucomarca.com\/wordpress\/segunda\/wp-content\/uploads\/2023\/05\/RequenaCDBunol2-1536x1154.jpg 1536w, https:\/\/www.tucomarca.com\/wordpress\/segunda\/wp-content\/uploads\/2023\/05\/RequenaCDBunol2-678x509.jpg 678w, https:\/\/www.tucomarca.com\/wordpress\/segunda\/wp-content\/uploads\/2023\/05\/RequenaCDBunol2-326x245.jpg 326w, https:\/\/www.tucomarca.com\/wordpress\/segunda\/wp-content\/uploads\/2023\/05\/RequenaCDBunol2-80x60.jpg 80w, https:\/\/www.tucomarca.com\/wordpress\/segunda\/wp-content\/uploads\/2023\/05\/RequenaCDBunol2.jpg 2048w\" sizes=\"auto, (max-width: 1024px) 100vw, 1024px\" \/><\/figure>\n","protected":false},"excerpt":{"rendered":"<div class=\"mh-excerpt\">El Club Esportiu Bunyol rep aquest cap de setmana en el seu feu del Beltr\u00e1n B\u00e1guena la visita de l&#8217;Aldaia CF, equip situat en la novena posici\u00f3 de la taula del grup segon de la <a class=\"mh-excerpt-more\" href=\"https:\/\/www.tucomarca.com\/wordpress\/segunda\/ca\/el-cd-bunyol-rep-a-laldaia-cf-despres-de-vencer-al-requena-sc-a-domicili-0-2-i-amb-lobjectiu-de-mantindres-en-llocs-de-promocio\/\" title=\"El CD Bunyol rep a l&#8217;Aldaia CF despr\u00e9s de v\u00e9ncer al Requena SC a domicili (0-2) i amb l&#8217;objectiu de mantindre&#8217;s en llocs de promoci\u00f3\">[+] <\/a><\/div>\n","protected":false},"author":1,"featured_media":184670,"comment_status":"open","ping_status":"open","sticky":false,"template":"","format":"standard","meta":{"footnotes":""},"categories":[10911,11015,11003,10894,10912,10908,10909,10896],"tags":[11126,11074,11075,10914,10910],"class_list":{"0":"post-184678","1":"post","2":"type-post","3":"status-publish","4":"format-standard","5":"has-post-thumbnail","7":"category-bunol-ca","8":"category-canal-futbol","9":"category-sports","10":"category-la-comarca-ca","11":"category-la-hoya-ca","12":"category-requena-ca","13":"category-requena-utiel-ca","14":"category-seccion-ca","15":"tag-cd-bunol-ca","16":"tag-deportes-ca","17":"tag-futbol-ca","18":"tag-la-hoya-de-bunol-chiva-ca","19":"tag-requena-utiel-ca"},"_links":{"self":[{"href":"https:\/\/www.tucomarca.com\/wordpress\/segunda\/ca\/wp-json\/wp\/v2\/posts\/184678","targetHints":{"allow":["GET"]}}],"collection":[{"href":"https:\/\/www.tucomarca.com\/wordpress\/segunda\/ca\/wp-json\/wp\/v2\/posts"}],"about":[{"href":"https:\/\/www.tucomarca.com\/wordpress\/segunda\/ca\/wp-json\/wp\/v2\/types\/post"}],"author":[{"embeddable":true,"href":"https:\/\/www.tucomarca.com\/wordpress\/segunda\/ca\/wp-json\/wp\/v2\/users\/1"}],"replies":[{"embeddable":true,"href":"https:\/\/www.tucomarca.com\/wordpress\/segunda\/ca\/wp-json\/wp\/v2\/comments?post=184678"}],"version-history":[{"count":0,"href":"https:\/\/www.tucomarca.com\/wordpress\/segunda\/ca\/wp-json\/wp\/v2\/posts\/184678\/revisions"}],"wp:featuredmedia":[{"embeddable":true,"href":"https:\/\/www.tucomarca.com\/wordpress\/segunda\/ca\/wp-json\/wp\/v2\/media\/184670"}],"wp:attachment":[{"href":"https:\/\/www.tucomarca.com\/wordpress\/segunda\/ca\/wp-json\/wp\/v2\/media?parent=184678"}],"wp:term":[{"taxonomy":"category","embeddable":true,"href":"https:\/\/www.tucomarca.com\/wordpress\/segunda\/ca\/wp-json\/wp\/v2\/categories?post=184678"},{"taxonomy":"post_tag","embeddable":true,"href":"https:\/\/www.tucomarca.com\/wordpress\/segunda\/ca\/wp-json\/wp\/v2\/tags?post=184678"}],"curies":[{"name":"wp","href":"https:\/\/api.w.org\/{rel}","templated":true}]}}