{"id":184717,"date":"2023-05-03T16:00:00","date_gmt":"2023-05-03T15:00:00","guid":{"rendered":"https:\/\/www.tucomarca.com\/wordpress\/segunda\/?p=184717"},"modified":"2023-05-03T21:53:23","modified_gmt":"2023-05-03T20:53:23","slug":"maria-jose-marco-es-presenta-a-leliana-com-lalcaldessa-del-canvi","status":"publish","type":"post","link":"https:\/\/www.tucomarca.com\/wordpress\/segunda\/ca\/maria-jose-marco-es-presenta-a-leliana-com-lalcaldessa-del-canvi\/","title":{"rendered":"Mar\u00eda Jos\u00e9 Marco es presenta a l&#8217;Eliana com &#8220;l&#8217;Alcaldessa del canvi&#8221;"},"content":{"rendered":"\n<h4 class=\"wp-block-heading\">Las propuestas del PP se centran en seguridad, los cambios de direcci\u00f3n de las calles, bajadas de impuestos, mejores servicios p\u00fablicos y proyectos sociales<\/h4>\n\n\n\n<h4 class=\"wp-block-heading\">22 personas conforman &#8220;la candidatura del cambio&#8221; integrando a Ciudadanos y Grupo C\u00edvico<\/h4>\n\n\n\n<p>El Partido Popular de l&#8217;Eliana ha anunciado su candidatura para presentarse a las pr\u00f3ximas elecciones municipales, liderada por la candidata a la alcald\u00eda Mar\u00eda Jos\u00e9 Marco.<\/p>\n\n\n\n<p>El pasado s\u00e1bado los populares celebraron una fiesta en un Cine de Verano de l&#8217;Eliana que se les qued\u00f3 peque\u00f1o y donde muchos tuvieron que escucharlo desde fuera.&nbsp;Casi mil vecinos acudieron a la llamada de Mar\u00eda Jos\u00e9 Marco en una presentaci\u00f3n llena hasta la bandera.&nbsp;A la cena asistieron figuras relevantes del PP Valenciano, la m\u00e1s relevante el candidato a la Generalitat Valenciana Carlos Maz\u00f3n, quien se comprometi\u00f3 con un buen n\u00famero de inversiones que realizar\u00e1 en l&#8217;Eliana como Presidente de la Generalitat y una relaci\u00f3n de bajadas de impuestos que propone en su programa electoral.&nbsp;Los populares de l&#8217;Eliana adelantaron&nbsp;pinceladas de un programa electoral que presentaran en breve con&nbsp;propuestas centradas en seguridad, los cambios de direcci\u00f3n de las calles, bajadas de impuestos, mejoras de servicios y proyectos sociales para la ciudadan\u00eda.<\/p>\n\n\n\n<p>Mar\u00eda Jos\u00e9 Marco explic\u00f3 que lleva un a\u00f1o visitando casa por casa&nbsp;a cada vecino dando a conocer su proyecto, pero sobre todo escuchando a la ciudadan\u00eda &#8220;en primera persona&#8221; y&nbsp;contestando llamadas y whatsapp personalmente.<\/p>\n\n\n\n<p>Para la candidata del Partido Popular a la alcald\u00eda de l&#8217;Eliana, Mar\u00eda Jos\u00e9 Marco, &#8221; el trabajo de todas las personas que forman nuestro equipo sumado a las aportaciones que me est\u00e1n realizando, cada d\u00eda, los vecinos de l&#8217;Eliana, me dan fuerza para liderar el cambio tan necesario que necesita nuestro pueblo&#8221;.<\/p>\n\n\n\n<p>La candidatura de los populares est\u00e1 compuesta por 22 personas &#8220;muy preparadas e integradas en el mundo, educativo, cultural, social, econ\u00f3mico, comercial y asociativo de l&#8217;Eliana&#8221;. Tienen entre sus filas a miembros de todas las comisiones falleras, a los secretarios de las asociaciones vecinales de Montesol y Entrepins, la exdirectora del Colegio Virgen del Carmen, la presidenta de las Amas de Casa Tyrius y miembro de la directiva de los jubilados y pensionistas de l&#8217;Eliana y un largo etc\u00e9tera de vecinos con ganas de conseguir un cambio a mejor en l&#8217;Eliana.<\/p>\n\n\n\n<p>Unas de las incorporaciones&nbsp; m\u00e1s recientes son la presidenta del Grupo C\u00edvico l&#8217;Eliana y el coordinador de Ciudadanos,&nbsp;partidos que ahora no se presentan a las elecciones.<\/p>\n","protected":false},"excerpt":{"rendered":"<div class=\"mh-excerpt\">Las propuestas del PP se centran en seguridad, los cambios de direcci\u00f3n de las calles, bajadas de impuestos, mejores servicios p\u00fablicos y proyectos sociales 22 personas conforman &#8220;la candidatura del cambio&#8221; integrando a Ciudadanos y <a class=\"mh-excerpt-more\" href=\"https:\/\/www.tucomarca.com\/wordpress\/segunda\/ca\/maria-jose-marco-es-presenta-a-leliana-com-lalcaldessa-del-canvi\/\" title=\"Mar\u00eda Jos\u00e9 Marco es presenta a l&#8217;Eliana com &#8220;l&#8217;Alcaldessa del canvi&#8221;\">[+] <\/a><\/div>\n","protected":false},"author":12,"featured_media":184716,"comment_status":"open","ping_status":"open","sticky":false,"template":"","format":"standard","meta":{"footnotes":""},"categories":[10892,10948,10894,10893,10947,10896],"tags":[10395,10433],"class_list":{"0":"post-184717","1":"post","2":"type-post","3":"status-publish","4":"format-standard","5":"has-post-thumbnail","7":"category-camp-de-turia-ca","8":"category-infraestructuras-ca","9":"category-la-comarca-ca","10":"category-leliana-ca","11":"category-politica","12":"category-seccion-ca","13":"tag-camp-de-turia","14":"tag-leliana"},"_links":{"self":[{"href":"https:\/\/www.tucomarca.com\/wordpress\/segunda\/ca\/wp-json\/wp\/v2\/posts\/184717","targetHints":{"allow":["GET"]}}],"collection":[{"href":"https:\/\/www.tucomarca.com\/wordpress\/segunda\/ca\/wp-json\/wp\/v2\/posts"}],"about":[{"href":"https:\/\/www.tucomarca.com\/wordpress\/segunda\/ca\/wp-json\/wp\/v2\/types\/post"}],"author":[{"embeddable":true,"href":"https:\/\/www.tucomarca.com\/wordpress\/segunda\/ca\/wp-json\/wp\/v2\/users\/12"}],"replies":[{"embeddable":true,"href":"https:\/\/www.tucomarca.com\/wordpress\/segunda\/ca\/wp-json\/wp\/v2\/comments?post=184717"}],"version-history":[{"count":0,"href":"https:\/\/www.tucomarca.com\/wordpress\/segunda\/ca\/wp-json\/wp\/v2\/posts\/184717\/revisions"}],"wp:featuredmedia":[{"embeddable":true,"href":"https:\/\/www.tucomarca.com\/wordpress\/segunda\/ca\/wp-json\/wp\/v2\/media\/184716"}],"wp:attachment":[{"href":"https:\/\/www.tucomarca.com\/wordpress\/segunda\/ca\/wp-json\/wp\/v2\/media?parent=184717"}],"wp:term":[{"taxonomy":"category","embeddable":true,"href":"https:\/\/www.tucomarca.com\/wordpress\/segunda\/ca\/wp-json\/wp\/v2\/categories?post=184717"},{"taxonomy":"post_tag","embeddable":true,"href":"https:\/\/www.tucomarca.com\/wordpress\/segunda\/ca\/wp-json\/wp\/v2\/tags?post=184717"}],"curies":[{"name":"wp","href":"https:\/\/api.w.org\/{rel}","templated":true}]}}