{"id":184784,"date":"2023-05-04T11:00:00","date_gmt":"2023-05-04T10:00:00","guid":{"rendered":"https:\/\/www.tucomarca.com\/wordpress\/segunda\/?p=184784"},"modified":"2023-05-04T18:28:47","modified_gmt":"2023-05-04T17:28:47","slug":"el-partit-de-requena-i-llogarets-presenta-la-seua-candidatura-a-les-eleccions-municipals-davant-un-nombros-public","status":"publish","type":"post","link":"https:\/\/www.tucomarca.com\/wordpress\/segunda\/ca\/el-partit-de-requena-i-llogarets-presenta-la-seua-candidatura-a-les-eleccions-municipals-davant-un-nombros-public\/","title":{"rendered":"El Partit de Requena i Llogarets presenta la seua candidatura a les eleccions municipals davant un nombr\u00f3s p\u00fablic"},"content":{"rendered":"\n<p>El Partit de Requena i Llogarets (PRyA) va presentar en el restaurant Alejo, de Requena, davant un nombr\u00f3s p\u00fablic la seua candidatura a les pr\u00f2ximes eleccions municipals.<\/p>\n\n\n\n<p>El cap de llista, Joaqu\u00edn Gonz\u00e1lez, va destacar que es tracta de la &#8220;alternativa requenense&#8221; i va ressaltar &#8220;la preparaci\u00f3 dels candidats&#8221; i el fet que en la candidatura &#8220;hi haja candidats de diversos llogarets&#8221;.<\/p>\n\n\n\n<p>Gonz\u00e1lez va avan\u00e7ar part del programa de la formaci\u00f3 pol\u00edtica d&#8217;\u00e0mbit municipal que &#8220;no dep\u00e9n de cap partit pol\u00edtic d&#8217;\u00e0mbit auton\u00f2mic o nacional&#8221; I va destacar les accions que duran a terme, si aconsegueixen, el Govern municipal, en mat\u00e8ria de seguretat ciutadana, neteja de Requena i els seus llogarets, sanitat , serveis socials, transport p\u00fablic, turisme , medi ambient i agricultura, entre altres.<\/p>\n\n\n\n<p>Gonz\u00e1lez va ser molt cr\u00edtic amb la gesti\u00f3 duta a terme en els \u00faltims quatre anys pel Govern municipal de PSOE i Podemos.<\/p>\n\n\n\n<p>Els candidats del PRyA es van mostrar disposats a &#8220;donar un canvi important a Requena i els seus llogarets i a millorar la conviv\u00e8ncia entre els seus ve\u00efns, evitant confrontacions en la mesura que siga possible&#8221;. Informa, <strong>Luis Ib\u00e1\u00f1ez<\/strong>.<\/p>\n\n\n\n<figure class=\"wp-block-gallery has-nested-images columns-default is-cropped wp-block-gallery-1 is-layout-flex wp-block-gallery-is-layout-flex\">\n<figure class=\"wp-block-image size-large\"><img loading=\"lazy\" decoding=\"async\" width=\"1080\" height=\"1080\" data-id=\"184781\" src=\"http:\/\/www.tucomarca.com\/wordpress\/segunda\/wp-content\/uploads\/2023\/05\/PRYA2.webp\" alt=\"\" class=\"wp-image-184781\" srcset=\"https:\/\/www.tucomarca.com\/wordpress\/segunda\/wp-content\/uploads\/2023\/05\/PRYA2.webp 1080w, https:\/\/www.tucomarca.com\/wordpress\/segunda\/wp-content\/uploads\/2023\/05\/PRYA2-300x300.webp 300w, https:\/\/www.tucomarca.com\/wordpress\/segunda\/wp-content\/uploads\/2023\/05\/PRYA2-1024x1024.webp 1024w, https:\/\/www.tucomarca.com\/wordpress\/segunda\/wp-content\/uploads\/2023\/05\/PRYA2-290x290.webp 290w, https:\/\/www.tucomarca.com\/wordpress\/segunda\/wp-content\/uploads\/2023\/05\/PRYA2-768x768.webp 768w\" sizes=\"auto, (max-width: 1080px) 100vw, 1080px\" \/><\/figure>\n\n\n\n<figure class=\"wp-block-image size-large\"><img loading=\"lazy\" decoding=\"async\" width=\"1536\" height=\"2048\" data-id=\"184777\" src=\"http:\/\/www.tucomarca.com\/wordpress\/segunda\/wp-content\/uploads\/2023\/05\/JoaquinGonzalezPRyA.jpg\" alt=\"\" class=\"wp-image-184777\" srcset=\"https:\/\/www.tucomarca.com\/wordpress\/segunda\/wp-content\/uploads\/2023\/05\/JoaquinGonzalezPRyA.jpg 1536w, https:\/\/www.tucomarca.com\/wordpress\/segunda\/wp-content\/uploads\/2023\/05\/JoaquinGonzalezPRyA-225x300.jpg 225w, https:\/\/www.tucomarca.com\/wordpress\/segunda\/wp-content\/uploads\/2023\/05\/JoaquinGonzalezPRyA-768x1024.jpg 768w, https:\/\/www.tucomarca.com\/wordpress\/segunda\/wp-content\/uploads\/2023\/05\/JoaquinGonzalezPRyA-1152x1536.jpg 1152w\" sizes=\"auto, (max-width: 1536px) 100vw, 1536px\" \/><\/figure>\n<\/figure>\n","protected":false},"excerpt":{"rendered":"<div class=\"mh-excerpt\">El Partit de Requena i Llogarets (PRyA) va presentar en el restaurant Alejo, de Requena, davant un nombr\u00f3s p\u00fablic la seua candidatura a les pr\u00f2ximes eleccions municipals. El cap de llista, Joaqu\u00edn Gonz\u00e1lez, va destacar <a class=\"mh-excerpt-more\" href=\"https:\/\/www.tucomarca.com\/wordpress\/segunda\/ca\/el-partit-de-requena-i-llogarets-presenta-la-seua-candidatura-a-les-eleccions-municipals-davant-un-nombros-public\/\" title=\"El Partit de Requena i Llogarets presenta la seua candidatura a les eleccions municipals davant un nombr\u00f3s p\u00fablic\">[+] <\/a><\/div>\n","protected":false},"author":1,"featured_media":184780,"comment_status":"open","ping_status":"open","sticky":false,"template":"","format":"standard","meta":{"footnotes":""},"categories":[10948,10894,10947,10908,10909,10896],"tags":[12796,11099,10910],"class_list":{"0":"post-184784","1":"post","2":"type-post","3":"status-publish","4":"format-standard","5":"has-post-thumbnail","7":"category-infraestructuras-ca","8":"category-la-comarca-ca","9":"category-politica","10":"category-requena-ca","11":"category-requena-utiel-ca","12":"category-seccion-ca","13":"tag-prya-ca","14":"tag-requena-ca","15":"tag-requena-utiel-ca"},"_links":{"self":[{"href":"https:\/\/www.tucomarca.com\/wordpress\/segunda\/ca\/wp-json\/wp\/v2\/posts\/184784","targetHints":{"allow":["GET"]}}],"collection":[{"href":"https:\/\/www.tucomarca.com\/wordpress\/segunda\/ca\/wp-json\/wp\/v2\/posts"}],"about":[{"href":"https:\/\/www.tucomarca.com\/wordpress\/segunda\/ca\/wp-json\/wp\/v2\/types\/post"}],"author":[{"embeddable":true,"href":"https:\/\/www.tucomarca.com\/wordpress\/segunda\/ca\/wp-json\/wp\/v2\/users\/1"}],"replies":[{"embeddable":true,"href":"https:\/\/www.tucomarca.com\/wordpress\/segunda\/ca\/wp-json\/wp\/v2\/comments?post=184784"}],"version-history":[{"count":0,"href":"https:\/\/www.tucomarca.com\/wordpress\/segunda\/ca\/wp-json\/wp\/v2\/posts\/184784\/revisions"}],"wp:featuredmedia":[{"embeddable":true,"href":"https:\/\/www.tucomarca.com\/wordpress\/segunda\/ca\/wp-json\/wp\/v2\/media\/184780"}],"wp:attachment":[{"href":"https:\/\/www.tucomarca.com\/wordpress\/segunda\/ca\/wp-json\/wp\/v2\/media?parent=184784"}],"wp:term":[{"taxonomy":"category","embeddable":true,"href":"https:\/\/www.tucomarca.com\/wordpress\/segunda\/ca\/wp-json\/wp\/v2\/categories?post=184784"},{"taxonomy":"post_tag","embeddable":true,"href":"https:\/\/www.tucomarca.com\/wordpress\/segunda\/ca\/wp-json\/wp\/v2\/tags?post=184784"}],"curies":[{"name":"wp","href":"https:\/\/api.w.org\/{rel}","templated":true}]}}