{"id":184991,"date":"2023-05-08T08:55:00","date_gmt":"2023-05-08T07:55:00","guid":{"rendered":"https:\/\/www.tucomarca.com\/wordpress\/segunda\/?p=184991"},"modified":"2023-05-09T10:55:45","modified_gmt":"2023-05-09T09:55:45","slug":"la-radio-municipal-de-bunyol-realitzara-entrevistes-a-candidatures-candidats-i-debats-electorals-en-televisio-i-radio-a-partir-daquest-divendres-12-de-maig","status":"publish","type":"post","link":"https:\/\/www.tucomarca.com\/wordpress\/segunda\/ca\/la-radio-municipal-de-bunyol-realitzara-entrevistes-a-candidatures-candidats-i-debats-electorals-en-televisio-i-radio-a-partir-daquest-divendres-12-de-maig\/","title":{"rendered":"La r\u00e0dio municipal de Bunyol realitzar\u00e0 entrevistes a candidatures, candidats i debats electorals en televisi\u00f3 i r\u00e0dio a partir d&#8217;aquest divendres, 12 de maig"},"content":{"rendered":"\n<h4 class=\"wp-block-heading\">R\u00e0dio Bunyol TV ofereix una hora a cada candidatura que es presenta a les eleccions municipals i 45 minuts a cada candidat durant les dues setmanes de campanya electoral. A aix\u00f2 se li uneix el debat de la tele, que ser\u00e0 aquest divendres 12 de maig, i el debat de la r\u00e0dio, a celebrar el 26 de maig.<\/h4>\n\n\n\n<p>R\u00e0dio Bunyol TV oferir\u00e0 a tots els seus o\u00efdors, votants de Bunyol, una \u00e0mplia cobertura informativa de les eleccions municipals del 28 Maig en aquesta r\u00e0dio municipal. Entrevistes a candidatures, a candidats, debats en televisi\u00f3 i r\u00e0dio i els tascons realitzats pels partits pol\u00edtics en els espais dictaminats per Junta Electoral de Zona de Requena, segons els vots de les eleccions de 2019 a l&#8217;Ajuntament de Bunyol.<br>El primer programa especial ser\u00e0 aquest divendres 12 de maig amb un debat en el plat\u00f3 de televisi\u00f3 de R\u00e0dio Bunyol. Ser\u00e0 gravada i en els pr\u00f2xims dies ser\u00e0 editada i pujada a les xarxes socials, al canal de You tube de R\u00e0dio Bunyol i tamb\u00e9 es passar\u00e0 per R\u00e0dio Bunyol en una franja hor\u00e0ria que molts o\u00efdors puguen tamb\u00e9 escoltar-la.&nbsp;<br>La setmana del 15 al 19 de maig arrancaran les entrevistes, en aquest cas a candidatures dels partits que es presenten a les municipals a Bunyol. El primer dia ser\u00e0 el torn de Vox i xBu\u00f1ol; el dimarts 16, torn de IAB; el dimecres 17, d&#8217;IU-Unides Podem; el dijous 18, del PP i el divendres 19, del PSPV-PSOE. Cada partit disposa d&#8217;una hora, i seran diversos membres de la llista els que seran entrevistats per la periodista local, Pilar Criado.&nbsp;<br>La seg\u00fcent setmana, del 22 al 26 de maig els candidats tindran 45 minuts cadascun per a explicar el seu programa electoral. El torn \u00e9s el mateix: dilluns 22, Vox i xBu\u00f1ol; dimarts 23, IAB i IU-Unides Podem; dimecres 24, PP i; dijous 25 de maig, PSPV-PSOE. El divendres 26, previ a la jornada de reflexi\u00f3, ser\u00e0 l&#8217;\u00faltim debat, i es far\u00e0 en directe en els estudis de R\u00e0dio Bunyol TV. Est\u00e0 previst que assistisquen tots els candidats. Tant el de la r\u00e0dio com el de la tele duraran aproximadament 120 minuts. Tots els partits disposen dels temes a tractar en cadascun d&#8217;ells per a poder preparar-ho amb el seu equip.&nbsp;<br>I una vegada arribe el diumenge 28 de maig ser\u00e0 el dia de fer una cobertura especial, prop dels candidats i dels ciutadans. Al mat\u00ed tots els candidats seran entrevistats a peu d&#8217;urna. A trav\u00e9s de la r\u00e0dio i la tele es traur\u00e0 el moment en el qual voten i cadascun d&#8217;ells disposar\u00e0 de 10 minuts perqu\u00e8 compten les seues impressions. Ser\u00e0 a partir de les 11h. I a la vesprada, a partir de les 20h, un grup de col\u00b7laboradors de Radi Bunyol estaran en el plat\u00f3 de Radi Bunyol acompanyant a Rodrigo Puch\u00e9, Ra\u00fal Mart\u00ednez i Pilar Criado, en la retransmissi\u00f3 especial a tancament de col\u00b7legis electorals on es relatar\u00e0 minut a minut quin est\u00e0 sent el resultat electoral no sols a Bunyol sin\u00f3 en tota la comarca. En finalitzar tots els candidats seran entrevistats despr\u00e9s de con\u00e9ixer el resultat electoral.<br>Tamb\u00e9 les setmanes del 15 al 19 i del 22 al 26 de maig sonaran els tascons electorals que cada partit ha gravat informant de projectes i programa electoral en els temps assignats per la Junta Electoral de Zona, prenent com a refer\u00e8ncia el resultat electoral de les \u00faltimes municipals, en 2019. Els dos partits que no compten amb representaci\u00f3, en presentar-se per primera vegada, comptaran tamb\u00e9 amb un temps. Aqueix espai de tascons ser\u00e0 d&#8217;11.30 a 11.45h tots els dies, \u00e9s a dir, despr\u00e9s de l&#8217;informatiu local-comarcal i abans del magaz\u00edn Prop de T\u00ed.<br>Manuel Sierra, regidor de Mitjans de comunicaci\u00f3, s&#8217;ha mostrat molt satisfet per l&#8217;\u00e0mplia cobertura, pr\u00f2xima i sobretot molt igualit\u00e0ria i seguint les pautes imposades per Junta Electoral de Zona en aquesta r\u00e0dio municipal. \u201cAix\u00f2 torna a demostrar que sempre, i aquesta legislatura m\u00e9s en particular, s&#8217;ha estat prop del ve\u00ed, de l&#8217;o\u00efdor, del col\u00b7laborador i tamb\u00e9 del pol\u00edtic. Gran orgull de comptar amb una r\u00e0dio municipal de tanta qualitat\u201d, va finalitzar l&#8217;edil del ram.<\/p>\n\n\n\n<p><\/p>\n","protected":false},"excerpt":{"rendered":"<div class=\"mh-excerpt\">R\u00e0dio Bunyol TV ofereix una hora a cada candidatura que es presenta a les eleccions municipals i 45 minuts a cada candidat durant les dues setmanes de campanya electoral. A aix\u00f2 se li uneix el <a class=\"mh-excerpt-more\" href=\"https:\/\/www.tucomarca.com\/wordpress\/segunda\/ca\/la-radio-municipal-de-bunyol-realitzara-entrevistes-a-candidatures-candidats-i-debats-electorals-en-televisio-i-radio-a-partir-daquest-divendres-12-de-maig\/\" title=\"La r\u00e0dio municipal de Bunyol realitzar\u00e0 entrevistes a candidatures, candidats i debats electorals en televisi\u00f3 i r\u00e0dio a partir d&#8217;aquest divendres, 12 de maig\">[+] <\/a><\/div>\n","protected":false},"author":12,"featured_media":132576,"comment_status":"open","ping_status":"open","sticky":false,"template":"","format":"standard","meta":{"footnotes":""},"categories":[10911,10948,10894,10912,10947,10896],"tags":[10913,10914,12139],"class_list":{"0":"post-184991","1":"post","2":"type-post","3":"status-publish","4":"format-standard","5":"has-post-thumbnail","7":"category-bunol-ca","8":"category-infraestructuras-ca","9":"category-la-comarca-ca","10":"category-la-hoya-ca","11":"category-politica","12":"category-seccion-ca","13":"tag-bunol-ca","14":"tag-la-hoya-de-bunol-chiva-ca","15":"tag-radio-bunol-tv-ca"},"_links":{"self":[{"href":"https:\/\/www.tucomarca.com\/wordpress\/segunda\/ca\/wp-json\/wp\/v2\/posts\/184991","targetHints":{"allow":["GET"]}}],"collection":[{"href":"https:\/\/www.tucomarca.com\/wordpress\/segunda\/ca\/wp-json\/wp\/v2\/posts"}],"about":[{"href":"https:\/\/www.tucomarca.com\/wordpress\/segunda\/ca\/wp-json\/wp\/v2\/types\/post"}],"author":[{"embeddable":true,"href":"https:\/\/www.tucomarca.com\/wordpress\/segunda\/ca\/wp-json\/wp\/v2\/users\/12"}],"replies":[{"embeddable":true,"href":"https:\/\/www.tucomarca.com\/wordpress\/segunda\/ca\/wp-json\/wp\/v2\/comments?post=184991"}],"version-history":[{"count":0,"href":"https:\/\/www.tucomarca.com\/wordpress\/segunda\/ca\/wp-json\/wp\/v2\/posts\/184991\/revisions"}],"wp:featuredmedia":[{"embeddable":true,"href":"https:\/\/www.tucomarca.com\/wordpress\/segunda\/ca\/wp-json\/wp\/v2\/media\/132576"}],"wp:attachment":[{"href":"https:\/\/www.tucomarca.com\/wordpress\/segunda\/ca\/wp-json\/wp\/v2\/media?parent=184991"}],"wp:term":[{"taxonomy":"category","embeddable":true,"href":"https:\/\/www.tucomarca.com\/wordpress\/segunda\/ca\/wp-json\/wp\/v2\/categories?post=184991"},{"taxonomy":"post_tag","embeddable":true,"href":"https:\/\/www.tucomarca.com\/wordpress\/segunda\/ca\/wp-json\/wp\/v2\/tags?post=184991"}],"curies":[{"name":"wp","href":"https:\/\/api.w.org\/{rel}","templated":true}]}}