{"id":185216,"date":"2023-05-10T16:00:00","date_gmt":"2023-05-10T15:00:00","guid":{"rendered":"https:\/\/www.tucomarca.com\/wordpress\/segunda\/?p=185216"},"modified":"2023-05-10T20:37:23","modified_gmt":"2023-05-10T19:37:23","slug":"mor-un-treballador-duna-empresa-a-bunyol-despres-de-quedar-atrapat-en-una-maquina-industrial","status":"publish","type":"post","link":"https:\/\/www.tucomarca.com\/wordpress\/segunda\/ca\/mor-un-treballador-duna-empresa-a-bunyol-despres-de-quedar-atrapat-en-una-maquina-industrial\/","title":{"rendered":"Mor un treballador d&#8217;una empresa a Bunyol despr\u00e9s de quedar atrapat en una m\u00e0quina industrial"},"content":{"rendered":"\n<p>Un treballador de 49 anys ha mort aquest dimecres en un accident laboral en quedar atrapat en una m\u00e0quina industrial en una empresa de Bunyol, segons ha informat el Centre d&#8217;Informaci\u00f3 i Coordinaci\u00f3 d&#8217;Urg\u00e8ncies (CICU). <\/p>\n\n\n\n<p>L&#8217;accident laboral ha ocorregut a les 13,20 hores i fins al lloc el CICU ha mobilitzat a una unitat del SAMU, on un equip m\u00e8dic ha realitzat a l&#8217;home la reanimaci\u00f3 cardiopulmonar avan\u00e7ada i altres t\u00e8cniques d&#8217;estabilitzaci\u00f3 sense haver obtingut resposta.<\/p>\n\n\n\n<p><\/p>\n","protected":false},"excerpt":{"rendered":"<div class=\"mh-excerpt\">Un treballador de 49 anys ha mort aquest dimecres en un accident laboral en quedar atrapat en una m\u00e0quina industrial en una empresa de Bunyol, segons ha informat el Centre d&#8217;Informaci\u00f3 i Coordinaci\u00f3 d&#8217;Urg\u00e8ncies (CICU). <a class=\"mh-excerpt-more\" href=\"https:\/\/www.tucomarca.com\/wordpress\/segunda\/ca\/mor-un-treballador-duna-empresa-a-bunyol-despres-de-quedar-atrapat-en-una-maquina-industrial\/\" title=\"Mor un treballador d&#8217;una empresa a Bunyol despr\u00e9s de quedar atrapat en una m\u00e0quina industrial\">[+] <\/a><\/div>\n","protected":false},"author":12,"featured_media":84778,"comment_status":"open","ping_status":"open","sticky":false,"template":"","format":"standard","meta":{"footnotes":""},"categories":[10911,10898,10894,10912,10896,10897],"tags":[19184,10913,10914],"class_list":{"0":"post-185216","1":"post","2":"type-post","3":"status-publish","4":"format-standard","5":"has-post-thumbnail","7":"category-bunol-ca","8":"category-ventana-ca","9":"category-la-comarca-ca","10":"category-la-hoya-ca","11":"category-seccion-ca","12":"category-sucesos-la-comarca-ca","13":"tag-accidente-laboral-ca","14":"tag-bunol-ca","15":"tag-la-hoya-de-bunol-chiva-ca"},"_links":{"self":[{"href":"https:\/\/www.tucomarca.com\/wordpress\/segunda\/ca\/wp-json\/wp\/v2\/posts\/185216","targetHints":{"allow":["GET"]}}],"collection":[{"href":"https:\/\/www.tucomarca.com\/wordpress\/segunda\/ca\/wp-json\/wp\/v2\/posts"}],"about":[{"href":"https:\/\/www.tucomarca.com\/wordpress\/segunda\/ca\/wp-json\/wp\/v2\/types\/post"}],"author":[{"embeddable":true,"href":"https:\/\/www.tucomarca.com\/wordpress\/segunda\/ca\/wp-json\/wp\/v2\/users\/12"}],"replies":[{"embeddable":true,"href":"https:\/\/www.tucomarca.com\/wordpress\/segunda\/ca\/wp-json\/wp\/v2\/comments?post=185216"}],"version-history":[{"count":0,"href":"https:\/\/www.tucomarca.com\/wordpress\/segunda\/ca\/wp-json\/wp\/v2\/posts\/185216\/revisions"}],"wp:featuredmedia":[{"embeddable":true,"href":"https:\/\/www.tucomarca.com\/wordpress\/segunda\/ca\/wp-json\/wp\/v2\/media\/84778"}],"wp:attachment":[{"href":"https:\/\/www.tucomarca.com\/wordpress\/segunda\/ca\/wp-json\/wp\/v2\/media?parent=185216"}],"wp:term":[{"taxonomy":"category","embeddable":true,"href":"https:\/\/www.tucomarca.com\/wordpress\/segunda\/ca\/wp-json\/wp\/v2\/categories?post=185216"},{"taxonomy":"post_tag","embeddable":true,"href":"https:\/\/www.tucomarca.com\/wordpress\/segunda\/ca\/wp-json\/wp\/v2\/tags?post=185216"}],"curies":[{"name":"wp","href":"https:\/\/api.w.org\/{rel}","templated":true}]}}