{"id":185229,"date":"2023-05-10T11:55:00","date_gmt":"2023-05-10T10:55:00","guid":{"rendered":"https:\/\/www.tucomarca.com\/wordpress\/segunda\/?p=185229"},"modified":"2023-05-10T20:56:28","modified_gmt":"2023-05-10T19:56:28","slug":"el-consorci-valencia-interior-aprova-el-seu-pla-de-mesures-antifrau","status":"publish","type":"post","link":"https:\/\/www.tucomarca.com\/wordpress\/segunda\/ca\/el-consorci-valencia-interior-aprova-el-seu-pla-de-mesures-antifrau\/","title":{"rendered":"El Consorci Val\u00e8ncia Interior aprova el seu pla de mesures antifrau&nbsp;"},"content":{"rendered":"\n<h4 class=\"wp-block-heading\">L&#8217;ens supramunicipal manifesta la toler\u00e0ncia zero enfront del frau i impartir\u00e0 accions formatives als empleats p\u00fablics del CVI en pro d&#8217;una cultura \u00e8tica de bona governan\u00e7a&nbsp;<\/h4>\n\n\n\n<p>El Consorci Val\u00e8ncia Interior ha aprovat el seu propi pla de mesures antifrau i el desenvolupament d&#8217;accions formatives als empleats p\u00fablics del CVI per a la seua informaci\u00f3 i conscienciaci\u00f3 i afavorir aix\u00ed una cultura \u00e8tica de bona governan\u00e7a. Es tracta d&#8217;un requisit indispensable per a executar les actuacions finan\u00e7ades amb fons europeus. El document es compromet a tindre toler\u00e0ncia zero enfront del frau i mantindre la integritat institucional.<br>Aquest document \u00e9s necessari per a totes aquelles entitats que hagen rebut ajudes del Pla de Recuperaci\u00f3, Transformaci\u00f3 i Resili\u00e8ncia (PRTR) finan\u00e7ades amb fons del Mecanisme per a la Recuperaci\u00f3 i la Resili\u00e8ncia (MRR). La finalitat \u00e9s garantir i declarar que els fons corresponents s&#8217;han utilitzat de conformitat amb les normes aplicables, en particular, pel que fa a la prevenci\u00f3, detecci\u00f3 i correcci\u00f3 del frau, la corrupci\u00f3 i els conflictes d&#8217;interessos.<br>EL CVI es compromet amb aix\u00f2 a estructurar mesures antifrau de manera proporcionada i entorn de quatre elements clau: la prevenci\u00f3, la detecci\u00f3, la correcci\u00f3 i la persecuci\u00f3 del frau.<br>Durant l&#8217;assemblea, celebrada a l&#8217;aula ambiental de la planta de tractament de residus de Ll\u00edria, tamb\u00e9 s&#8217;ha aprovat l&#8217;expedient de modificaci\u00f3 de cr\u00e8dits del pressupost en vigor. Aquesta modificaci\u00f3 es finan\u00e7a amb c\u00e0rrec al romanent l\u00edquid de tresoreria de l&#8217;exercici anterior per import de 7.613.063 euros.&nbsp;<\/p>\n\n\n\n<p><strong>Inversi\u00f3 en les plantes de tractament i ecoparcs<br><\/strong>La principal inversi\u00f3 que es realitzar\u00e0 \u00e9s el projecte d&#8217;actualitzaci\u00f3 i millora de les l\u00ednies de selecci\u00f3 de materials aprofitables de les plantes de tractament de Ll\u00edria i Caudete de las Fuentes, amb 961.533 euros, la compra de composteras de 500 litres amb 445.000 euros per a ampliar el projecte de compostatge dom\u00e8stic o la compra de maquin\u00e0ria per als residus de poda en la planta de Caudete. Quant al servei en els ecoparcs, el CVI invertir\u00e0 300.000 euros en la informatitzaci\u00f3 dels ecoparcs i 70.000 euros m\u00e9s a millorar la seguretat d&#8217;aquests.<\/p>\n\n\n\n<p><\/p>\n","protected":false},"excerpt":{"rendered":"<div class=\"mh-excerpt\">L&#8217;ens supramunicipal manifesta la toler\u00e0ncia zero enfront del frau i impartir\u00e0 accions formatives als empleats p\u00fablics del CVI en pro d&#8217;una cultura \u00e8tica de bona governan\u00e7a&nbsp; El Consorci Val\u00e8ncia Interior ha aprovat el seu propi <a class=\"mh-excerpt-more\" href=\"https:\/\/www.tucomarca.com\/wordpress\/segunda\/ca\/el-consorci-valencia-interior-aprova-el-seu-pla-de-mesures-antifrau\/\" title=\"El Consorci Val\u00e8ncia Interior aprova el seu pla de mesures antifrau&nbsp;\">[+] <\/a><\/div>\n","protected":false},"author":12,"featured_media":185228,"comment_status":"open","ping_status":"open","sticky":false,"template":"","format":"standard","meta":{"footnotes":""},"categories":[10890,10951,10892,11046,10898,10948,10963,10894,10904,10912,10903,10947,10909,10896],"tags":[10899,11117,11305,10914,10910],"class_list":{"0":"post-185229","1":"post","2":"type-post","3":"status-publish","4":"format-standard","5":"has-post-thumbnail","7":"category-ademus","8":"category-ayora-cofrentes-ca","9":"category-camp-de-turia-ca","10":"category-los-serranos-ca","11":"category-ventana-ca","12":"category-infraestructuras-ca","13":"category-la-canal-de-navarres-ca","14":"category-la-comarca-ca","15":"category-sin-categorizar-ca","16":"category-la-hoya-ca","17":"category-medio-ambiente-la-comarca-ca","18":"category-politica","19":"category-requena-utiel-ca","20":"category-seccion-ca","21":"tag-camp-de-turia-ca","22":"tag-consorcio-valencia-interior-ca","23":"tag-cvi-ca","24":"tag-la-hoya-de-bunol-chiva-ca","25":"tag-requena-utiel-ca"},"_links":{"self":[{"href":"https:\/\/www.tucomarca.com\/wordpress\/segunda\/ca\/wp-json\/wp\/v2\/posts\/185229","targetHints":{"allow":["GET"]}}],"collection":[{"href":"https:\/\/www.tucomarca.com\/wordpress\/segunda\/ca\/wp-json\/wp\/v2\/posts"}],"about":[{"href":"https:\/\/www.tucomarca.com\/wordpress\/segunda\/ca\/wp-json\/wp\/v2\/types\/post"}],"author":[{"embeddable":true,"href":"https:\/\/www.tucomarca.com\/wordpress\/segunda\/ca\/wp-json\/wp\/v2\/users\/12"}],"replies":[{"embeddable":true,"href":"https:\/\/www.tucomarca.com\/wordpress\/segunda\/ca\/wp-json\/wp\/v2\/comments?post=185229"}],"version-history":[{"count":0,"href":"https:\/\/www.tucomarca.com\/wordpress\/segunda\/ca\/wp-json\/wp\/v2\/posts\/185229\/revisions"}],"wp:featuredmedia":[{"embeddable":true,"href":"https:\/\/www.tucomarca.com\/wordpress\/segunda\/ca\/wp-json\/wp\/v2\/media\/185228"}],"wp:attachment":[{"href":"https:\/\/www.tucomarca.com\/wordpress\/segunda\/ca\/wp-json\/wp\/v2\/media?parent=185229"}],"wp:term":[{"taxonomy":"category","embeddable":true,"href":"https:\/\/www.tucomarca.com\/wordpress\/segunda\/ca\/wp-json\/wp\/v2\/categories?post=185229"},{"taxonomy":"post_tag","embeddable":true,"href":"https:\/\/www.tucomarca.com\/wordpress\/segunda\/ca\/wp-json\/wp\/v2\/tags?post=185229"}],"curies":[{"name":"wp","href":"https:\/\/api.w.org\/{rel}","templated":true}]}}