{"id":185371,"date":"2023-05-11T11:00:00","date_gmt":"2023-05-11T10:00:00","guid":{"rendered":"https:\/\/www.tucomarca.com\/wordpress\/segunda\/?p=185371"},"modified":"2023-05-11T12:17:30","modified_gmt":"2023-05-11T11:17:30","slug":"el-partit-popular-de-venta-del-moro-presenta-la-seua-candidatura-a-les-municipals-aquest-diumenge","status":"publish","type":"post","link":"https:\/\/www.tucomarca.com\/wordpress\/segunda\/ca\/el-partit-popular-de-venta-del-moro-presenta-la-seua-candidatura-a-les-municipals-aquest-diumenge\/","title":{"rendered":"El Partit Popular de Venta del Moro presenta la seua candidatura a les municipals aquest diumenge"},"content":{"rendered":"\n<p>Diumenge que ve, 14 de maig, el Partit Popular de Venta del Moro, a la comarca Requena-Utiel, presentar\u00e0 a les 20,00 hores en el sal\u00f3 de plens de l&#8217;Ajuntament de la poblaci\u00f3 la seua candidatura a les pr\u00f2ximes eleccions municipals.<br>Des de la formaci\u00f3 pol\u00edtica han convidat a l&#8217;esdeveniment a la ciutadania del municipi per a &#8220;compartir amb nosaltres un projecte de comprom\u00eds, de treball, de responsabilitat, de proximitat, de confian\u00e7a, de serietat i de molta il\u00b7lusi\u00f3&#8221;, afirmen els populars de Venta del Moro. Informa, <strong>Luis Ib\u00e1\u00f1ez<\/strong>.<\/p>\n","protected":false},"excerpt":{"rendered":"<div class=\"mh-excerpt\">Diumenge que ve, 14 de maig, el Partit Popular de Venta del Moro, a la comarca Requena-Utiel, presentar\u00e0 a les 20,00 hores en el sal\u00f3 de plens de l&#8217;Ajuntament de la poblaci\u00f3 la seua candidatura <a class=\"mh-excerpt-more\" href=\"https:\/\/www.tucomarca.com\/wordpress\/segunda\/ca\/el-partit-popular-de-venta-del-moro-presenta-la-seua-candidatura-a-les-municipals-aquest-diumenge\/\" title=\"El Partit Popular de Venta del Moro presenta la seua candidatura a les municipals aquest diumenge\">[+] <\/a><\/div>\n","protected":false},"author":1,"featured_media":185369,"comment_status":"open","ping_status":"open","sticky":false,"template":"","format":"standard","meta":{"footnotes":""},"categories":[11019,10948,10894,10947,10909,10896,11060],"tags":[18828,11978,10910,11709],"class_list":{"0":"post-185371","1":"post","2":"type-post","3":"status-publish","4":"format-standard","5":"has-post-thumbnail","7":"category-agenda-ca","8":"category-infraestructuras-ca","9":"category-la-comarca-ca","10":"category-politica","11":"category-requena-utiel-ca","12":"category-seccion-ca","13":"category-venta-del-moro-ca","14":"tag-elecciones-municipales-2023-ca","15":"tag-partido-popular-ca","16":"tag-requena-utiel-ca","17":"tag-venta-del-moro-ca"},"_links":{"self":[{"href":"https:\/\/www.tucomarca.com\/wordpress\/segunda\/ca\/wp-json\/wp\/v2\/posts\/185371","targetHints":{"allow":["GET"]}}],"collection":[{"href":"https:\/\/www.tucomarca.com\/wordpress\/segunda\/ca\/wp-json\/wp\/v2\/posts"}],"about":[{"href":"https:\/\/www.tucomarca.com\/wordpress\/segunda\/ca\/wp-json\/wp\/v2\/types\/post"}],"author":[{"embeddable":true,"href":"https:\/\/www.tucomarca.com\/wordpress\/segunda\/ca\/wp-json\/wp\/v2\/users\/1"}],"replies":[{"embeddable":true,"href":"https:\/\/www.tucomarca.com\/wordpress\/segunda\/ca\/wp-json\/wp\/v2\/comments?post=185371"}],"version-history":[{"count":0,"href":"https:\/\/www.tucomarca.com\/wordpress\/segunda\/ca\/wp-json\/wp\/v2\/posts\/185371\/revisions"}],"wp:featuredmedia":[{"embeddable":true,"href":"https:\/\/www.tucomarca.com\/wordpress\/segunda\/ca\/wp-json\/wp\/v2\/media\/185369"}],"wp:attachment":[{"href":"https:\/\/www.tucomarca.com\/wordpress\/segunda\/ca\/wp-json\/wp\/v2\/media?parent=185371"}],"wp:term":[{"taxonomy":"category","embeddable":true,"href":"https:\/\/www.tucomarca.com\/wordpress\/segunda\/ca\/wp-json\/wp\/v2\/categories?post=185371"},{"taxonomy":"post_tag","embeddable":true,"href":"https:\/\/www.tucomarca.com\/wordpress\/segunda\/ca\/wp-json\/wp\/v2\/tags?post=185371"}],"curies":[{"name":"wp","href":"https:\/\/api.w.org\/{rel}","templated":true}]}}