{"id":185388,"date":"2023-05-06T12:12:00","date_gmt":"2023-05-06T11:12:00","guid":{"rendered":"https:\/\/www.tucomarca.com\/wordpress\/segunda\/?p=185388"},"modified":"2023-05-11T13:41:04","modified_gmt":"2023-05-11T12:41:04","slug":"el-pp-de-gatova-exigeix-a-lajuntament-i-a-la-chj-que-inicien-de-manera-urgent-els-treballs-de-neteja-del-barranc-del-carraixet","status":"publish","type":"post","link":"https:\/\/www.tucomarca.com\/wordpress\/segunda\/ca\/el-pp-de-gatova-exigeix-a-lajuntament-i-a-la-chj-que-inicien-de-manera-urgent-els-treballs-de-neteja-del-barranc-del-carraixet\/","title":{"rendered":"El PP de G\u00e0tova exigeix a l&#8217;Ajuntament i a la CHJ que inicien de manera urgent els treballs de neteja del barranc del Carraixet"},"content":{"rendered":"\n<p>La responsable local de de Medi Ambient i candidata del PP a G\u00e0tova, Rosa Sanz exigeix a l&#8217;Ajuntament de G\u00e0tova i a la CHJ al fet que procedisca amb urg\u00e8ncia &#8220;a una neteja exhaustiva del llit del barranc del Carraixet en tota la seua extensi\u00f3 a G\u00e0tova, en les zones susceptibles d&#8217;incendis, davant l&#8217;arribada de nombroses onades de calor i l&#8217;aflu\u00e8ncia de matolls i canyes que es converteixen en un polvor\u00ed per als incendis, per estar aquests barrancs dins del propi parc natural de la Serra Calderona\u2019\u2019.\u00a0<\/p>\n\n\n\n<p>Rosa Sanz ha recordat que des del PP provincial ja es va denunciar la falta de neteja de llits i barrancs que va provocar que a les platges valencianes arribaren tones de canyes. &#8220;La falta de neteja de llits i barrancs \u00e9s un greu problema per als ciutadans ja que a m\u00e9s de ser un focus per a plagues d&#8217;insectes com a mosquits suposen un greu perill per a la Serra Calderona a l&#8217;\u00e9sser un polvor\u00ed que serviria de metxa per a estendre el foc del barranc a la mateixa Serra Calderona en estar totalment integrat el barranc&#8221;.<\/p>\n\n\n\n<p>Des del PP s&#8217;exigeix al propi Ajuntament que siga responsable i no mire cap a un altre costat i afronte de manera immediata amb els fons dels quals disposa les actuacions de neteja del barranc del Carraixet de les zones m\u00e9s pr\u00f2ximes al municipi, per a evitar possibles desastres mediambientals i que exigisca com a Ajuntament a la CHJ que complisca amb les seues obligacions i aportaci\u00f3 la seua part.\u00a0<\/p>\n\n\n\n<p>&#8220;Per a evitar danys materials, i fins i tot personals, \u00e9s necessari mantindre el Barranc del Carraixet net\u2019\u2019 ha manifestat la candidata del PP.<\/p>\n\n\n\n<p>&#8220;Des que governava el Partit Popular en 2017, quan les inversions executades per la CHJ van aconseguir els 19.446.781 euros, nom\u00e9s ha fet que reduir-se el pressupost executat\u2019\u2019, ha afirmat Rosa Sanz, qui, per a concloure, ha apuntat que \u2018\u2019el pressupost executat per la CHJ \u00e9s insuficient, al que si se suma la deixadesa del propi ajuntament converteixen al Carraixet en una bomba de rellotgeria en mat\u00e8ria d&#8217;incendis i plagues\u2019\u2019.<\/p>\n","protected":false},"excerpt":{"rendered":"<div class=\"mh-excerpt\">La responsable local de de Medi Ambient i candidata del PP a G\u00e0tova, Rosa Sanz exigeix a l&#8217;Ajuntament de G\u00e0tova i a la CHJ al fet que procedisca amb urg\u00e8ncia &#8220;a una neteja exhaustiva del <a class=\"mh-excerpt-more\" href=\"https:\/\/www.tucomarca.com\/wordpress\/segunda\/ca\/el-pp-de-gatova-exigeix-a-lajuntament-i-a-la-chj-que-inicien-de-manera-urgent-els-treballs-de-neteja-del-barranc-del-carraixet\/\" title=\"El PP de G\u00e0tova exigeix a l&#8217;Ajuntament i a la CHJ que inicien de manera urgent els treballs de neteja del barranc del Carraixet\">[+] <\/a><\/div>\n","protected":false},"author":1,"featured_media":185386,"comment_status":"open","ping_status":"open","sticky":false,"template":"","format":"standard","meta":{"footnotes":""},"categories":[10892,10929,10948,10894,10903,10947,10896],"tags":[10899,18828,15523,11978],"class_list":{"0":"post-185388","1":"post","2":"type-post","3":"status-publish","4":"format-standard","5":"has-post-thumbnail","7":"category-camp-de-turia-ca","8":"category-gatova-ca","9":"category-infraestructuras-ca","10":"category-la-comarca-ca","11":"category-medio-ambiente-la-comarca-ca","12":"category-politica","13":"category-seccion-ca","14":"tag-camp-de-turia-ca","15":"tag-elecciones-municipales-2023-ca","16":"tag-gatova-ca","17":"tag-partido-popular-ca"},"_links":{"self":[{"href":"https:\/\/www.tucomarca.com\/wordpress\/segunda\/ca\/wp-json\/wp\/v2\/posts\/185388","targetHints":{"allow":["GET"]}}],"collection":[{"href":"https:\/\/www.tucomarca.com\/wordpress\/segunda\/ca\/wp-json\/wp\/v2\/posts"}],"about":[{"href":"https:\/\/www.tucomarca.com\/wordpress\/segunda\/ca\/wp-json\/wp\/v2\/types\/post"}],"author":[{"embeddable":true,"href":"https:\/\/www.tucomarca.com\/wordpress\/segunda\/ca\/wp-json\/wp\/v2\/users\/1"}],"replies":[{"embeddable":true,"href":"https:\/\/www.tucomarca.com\/wordpress\/segunda\/ca\/wp-json\/wp\/v2\/comments?post=185388"}],"version-history":[{"count":0,"href":"https:\/\/www.tucomarca.com\/wordpress\/segunda\/ca\/wp-json\/wp\/v2\/posts\/185388\/revisions"}],"wp:featuredmedia":[{"embeddable":true,"href":"https:\/\/www.tucomarca.com\/wordpress\/segunda\/ca\/wp-json\/wp\/v2\/media\/185386"}],"wp:attachment":[{"href":"https:\/\/www.tucomarca.com\/wordpress\/segunda\/ca\/wp-json\/wp\/v2\/media?parent=185388"}],"wp:term":[{"taxonomy":"category","embeddable":true,"href":"https:\/\/www.tucomarca.com\/wordpress\/segunda\/ca\/wp-json\/wp\/v2\/categories?post=185388"},{"taxonomy":"post_tag","embeddable":true,"href":"https:\/\/www.tucomarca.com\/wordpress\/segunda\/ca\/wp-json\/wp\/v2\/tags?post=185388"}],"curies":[{"name":"wp","href":"https:\/\/api.w.org\/{rel}","templated":true}]}}