{"id":185401,"date":"2023-05-10T17:00:00","date_gmt":"2023-05-10T16:00:00","guid":{"rendered":"https:\/\/www.tucomarca.com\/wordpress\/segunda\/?p=185401"},"modified":"2023-05-11T18:18:18","modified_gmt":"2023-05-11T17:18:18","slug":"la-zona-camp-del-turia-es-reuneix-a-la-pobla-de-vallbona-en-el-seu-dia-juniors","status":"publish","type":"post","link":"https:\/\/www.tucomarca.com\/wordpress\/segunda\/ca\/la-zona-camp-del-turia-es-reuneix-a-la-pobla-de-vallbona-en-el-seu-dia-juniors\/","title":{"rendered":"La Zona Camp del T\u00faria es reuneix a La Pobla de Vallbona en el seu Dia J\u00faniors"},"content":{"rendered":"\n<h4 class=\"wp-block-heading\">La trobada es va celebrar diumenge passat 23 d&#8217;abril en l&#8217;Espai P3 de la localitat amb l&#8217;assist\u00e8ncia de prop de 700 persones<\/h4>\n\n\n\n<h4 class=\"wp-block-heading\">Durant la jornada es va realitzar un joc, una missa i el gest amb el qual les Rectories estan celebrant el 40 aniversari de J\u00faniors M.D.<\/h4>\n\n\n\n<p>Prop de 700 persones, entre xiquets, xiquetes, adolescents i joves es van reunir diumenge passat 23 d&#8217;abril en l&#8217;Espai P3 de La Pobla de Vallbona per a celebrar el Dia J\u00faniors de la Zona Camp del T\u00faria, una activitat en la qual tamb\u00e9 van commemorar el 40 aniversari de J\u00faniors M.D. a trav\u00e9s del gest que ha anat recorrent durant els \u00faltims mesos totes les Rectories del Moviment.<\/p>\n\n\n\n<p>L&#8217;arribada es va produir a partir de les 9.30 h, despr\u00e9s de la qual va comen\u00e7ar el joc, una gran din\u00e0mica de tauler per a la qual es van dividir en etapes amb l&#8217;objectiu de fer viable la realitzaci\u00f3 de les proves. Al llarg de la yincana, els i les participants es van convertir en ajudants d&#8217;uns viatgers que arriben perduts amb uns mapes que no saben el que signifiquen. Al llarg del mat\u00ed van anar reunint diferents peces per a conformar un mapa que amagava un missatge encriptat, la Llei J\u00faniors (\u2018Estimem a tots els homes del m\u00f3n com Jes\u00fas ens estima\u2019).<\/p>\n\n\n\n<p>L&#8217;activitat, recollida en el document de la Campanya d&#8217;Animaci\u00f3 i Formaci\u00f3 del Curs 2022-2023, que porta per t\u00edtol \u2018T\u2019Estima\u2019, va permetre als i les participants con\u00e9ixer millor com s&#8217;estructura territorialment el Moviment, recordar la import\u00e0ncia de la Llei J\u00faniors i reflexionar sobre la missi\u00f3 dels deixebles de Jes\u00fas en la societat actual.<\/p>\n\n\n\n<p>Despr\u00e9s del joc va arribar l&#8217;hora del menjar, a la qual li va seguir un temps lliure \u201cmolt important perqu\u00e8 els xiquets i xiquetes pogueren con\u00e9ixer-se millor i ja sense m\u00e0scares, ja que era el Primer Dia J\u00faniors amb normalitat des que va comen\u00e7ar la pand\u00e8mia. Van veient-se en les activitats de Zona i a poc a poc van forjant amistats\u201d, ressalta la Delegada de la Zona Camp del T\u00faria, Carla Navarro.<\/p>\n\n\n\n<p>Ja a la vesprada es va celebrar l&#8217;eucaristia, que va estar presidida pel Consiliario de la Zona, Sr. Enrique Saiz. Al costat d&#8217;ell van estar tamb\u00e9 en l&#8217;altar els Consiliarios dels Centres J\u00faniors Santa Catalina, La Sa\u00f3, La Lla\u00e7ada i Aigua Viva i entre totes les persones presents es van recaptar en la col\u00b7lecta 230 euros que es destinaran a la Llar Mare de D\u00e9u dels Desemparats i dels Innocents de C\u00e0ritas.<\/p>\n\n\n\n<p><strong>40 aniversari<br><\/strong>Com a fermall a la jornada, es va dur a terme el gest amb el qual s&#8217;est\u00e0 celebrant en les trobades de Rectories i Zones el 40 aniversari del Moviment, un moment que va comptar amb el President Diocesano, Luis Albors, i el Secretari Dioces\u00e0 de Comunicaci\u00f3, Marcos Moner, com a representants de la Comissi\u00f3 Executiva i l&#8217;Equip Dioces\u00e0, respectivament. Aix\u00ed, dos representants de cada Centre (un Educador o Educadora i un xiquet o xiqueta) van depositar un grapat d&#8217;arena de color en l&#8217;estructura que t\u00e9 la forma del logotip de la commemoraci\u00f3 i que a poc a poc s&#8217;han anat omplint, simbolitzant la uni\u00f3 de tota l&#8217;associaci\u00f3 en una efem\u00e8ride tan destacada.<\/p>\n\n\n\n<p>\u201cEl gest del 40 aniversari va agradar molt, sobretot perqu\u00e8 ning\u00fa li ho esperava. Va ser molt emotiu i gratificant per als Centres sentir-se reconeguts i part\u00edcips d&#8217;una cosa tan especial. A m\u00e9s, els Centres Sol Naixent i Grup Foc tamb\u00e9 compleixen aquest any quatre d\u00e8cades de vida i La Lla\u00e7ada, que va ser el Centre amfitri\u00f3, 50. Tots ells estan vivint intensament les seues pr\u00f2pies celebracions de manera paral\u00b7lela a la del Moviment, per la qual cosa va ser molt especial\u201d, comenta Carla Navarro.<\/p>\n\n\n\n<p>Aquest va ser l&#8217;\u00faltim gran acte de Carla Navarro com a Delegada de la Zona Camp del T\u00faria, doncs a final d&#8217;aquest curs s&#8217;acomiadar\u00e0 del c\u00e0rrec. \u201cVaig acabar l&#8217;activitat molt feli\u00e7, perqu\u00e8 va eixir tot molt b\u00e9. Estic feli\u00e7 de veure una Zona tan gran, sobretot despr\u00e9s de la pand\u00e8mia, i que els Centres traguen temps per a eixir fora i continuar organitzant aquest tipus de trobades. Em vaig amb un molt bon sabor de boca\u201d, assegura.<\/p>\n\n\n\n<p><strong>Zona Camp del T\u00faria\u00a0<br><\/strong>La Zona Camp del T\u00faria est\u00e0 formada pels Centres Aigua Viva (L&#8217;Eliana), Sant Francesc (Ll\u00edria), Sol Naixent (Benissan\u00f3), Mar\u00eda Madre (Ll\u00edria) Lla\u00e7ada (Pobla de Vallbona), Santa Catalina (Vilamarxant), La Sa\u00f3 (Benaguasil), L\u2019Assumpci\u00f3 (Ll\u00edria) i Grup Foc (Riba-roja de T\u00faria). Tots ells van estar representats durant la jornada.<\/p>\n\n\n\n<p><\/p>\n","protected":false},"excerpt":{"rendered":"<div class=\"mh-excerpt\">La trobada es va celebrar diumenge passat 23 d&#8217;abril en l&#8217;Espai P3 de la localitat amb l&#8217;assist\u00e8ncia de prop de 700 persones Durant la jornada es va realitzar un joc, una missa i el gest <a class=\"mh-excerpt-more\" href=\"https:\/\/www.tucomarca.com\/wordpress\/segunda\/ca\/la-zona-camp-del-turia-es-reuneix-a-la-pobla-de-vallbona-en-el-seu-dia-juniors\/\" title=\"La Zona Camp del T\u00faria es reuneix a La Pobla de Vallbona en el seu Dia J\u00faniors\">[+] <\/a><\/div>\n","protected":false},"author":12,"featured_media":185400,"comment_status":"open","ping_status":"open","sticky":false,"template":"","format":"standard","meta":{"footnotes":""},"categories":[10892,10894,10915,11007,10896],"tags":[10899,19201,14257],"class_list":{"0":"post-185401","1":"post","2":"type-post","3":"status-publish","4":"format-standard","5":"has-post-thumbnail","7":"category-camp-de-turia-ca","8":"category-la-comarca-ca","9":"category-la-pobla-ca","10":"category-ocio-y-cultura-ca","11":"category-seccion-ca","12":"tag-camp-de-turia-ca","13":"tag-juniors-ca","14":"tag-la-pobla-vallbona-ca"},"_links":{"self":[{"href":"https:\/\/www.tucomarca.com\/wordpress\/segunda\/ca\/wp-json\/wp\/v2\/posts\/185401","targetHints":{"allow":["GET"]}}],"collection":[{"href":"https:\/\/www.tucomarca.com\/wordpress\/segunda\/ca\/wp-json\/wp\/v2\/posts"}],"about":[{"href":"https:\/\/www.tucomarca.com\/wordpress\/segunda\/ca\/wp-json\/wp\/v2\/types\/post"}],"author":[{"embeddable":true,"href":"https:\/\/www.tucomarca.com\/wordpress\/segunda\/ca\/wp-json\/wp\/v2\/users\/12"}],"replies":[{"embeddable":true,"href":"https:\/\/www.tucomarca.com\/wordpress\/segunda\/ca\/wp-json\/wp\/v2\/comments?post=185401"}],"version-history":[{"count":0,"href":"https:\/\/www.tucomarca.com\/wordpress\/segunda\/ca\/wp-json\/wp\/v2\/posts\/185401\/revisions"}],"wp:featuredmedia":[{"embeddable":true,"href":"https:\/\/www.tucomarca.com\/wordpress\/segunda\/ca\/wp-json\/wp\/v2\/media\/185400"}],"wp:attachment":[{"href":"https:\/\/www.tucomarca.com\/wordpress\/segunda\/ca\/wp-json\/wp\/v2\/media?parent=185401"}],"wp:term":[{"taxonomy":"category","embeddable":true,"href":"https:\/\/www.tucomarca.com\/wordpress\/segunda\/ca\/wp-json\/wp\/v2\/categories?post=185401"},{"taxonomy":"post_tag","embeddable":true,"href":"https:\/\/www.tucomarca.com\/wordpress\/segunda\/ca\/wp-json\/wp\/v2\/tags?post=185401"}],"curies":[{"name":"wp","href":"https:\/\/api.w.org\/{rel}","templated":true}]}}