{"id":185807,"date":"2023-05-15T09:05:00","date_gmt":"2023-05-15T08:05:00","guid":{"rendered":"https:\/\/www.tucomarca.com\/wordpress\/segunda\/?p=185807"},"modified":"2023-05-15T19:41:45","modified_gmt":"2023-05-15T18:41:45","slug":"els-bombers-continuan-amb-lextincio-de-lincendi-dalfarb-que-ha-obligat-a-desallotjar-una-urbanitzacio","status":"publish","type":"post","link":"https:\/\/www.tucomarca.com\/wordpress\/segunda\/ca\/els-bombers-continuan-amb-lextincio-de-lincendi-dalfarb-que-ha-obligat-a-desallotjar-una-urbanitzacio\/","title":{"rendered":"Els bombers continuan amb l&#8217;extinci\u00f3 de l&#8217;incendi d&#8217;Alfarb que ha obligat a desallotjar una urbanitzaci\u00f3"},"content":{"rendered":"\n<h4 class=\"wp-block-heading\">Han participat quatre dotacions de bombers i tres brigades forestals en aquest incendi ja estabilitzat<\/h4>\n\n\n\n<p>Un nou incendi forestal en la Comunitat ha obligat a residents de la urbanitzaci\u00f3 de Almaguer d&#8217;Alfarb a abandonar els seus habitatges fins a l&#8217;estabilitzaci\u00f3 del foc originat a les 15.10 hores d&#8217;aquest passat dissabte en una zona de barranc. Al lloc s&#8217;han despla\u00e7at quatre dotacions de bombers i tres brigades forestals (BRIFO) del Consorci Provincial de Bombers de Val\u00e8ncia, a m\u00e9s de cinc unitats de bombers forestals de la Generalitat, una helitransportada, tres autobombes i quatre mitjans aeris.<\/p>\n\n\n\n<p>Posteriorment, s&#8217;han despla\u00e7at al focus de l&#8217;incendi l&#8217;helic\u00f2pter de coordinaci\u00f3 VO i altres tres brigades forestals del Consorci Provincial de Bombers de Val\u00e8ncia.<\/p>\n\n\n\n<p>De moment, el Consorci de Bombers de Val\u00e8ncia dona l&#8217;incendi com estabilitzat, per\u00f2 part del dispositiu terrestre continua treballant en l&#8217;extinci\u00f3.<\/p>\n\n\n\n<p><\/p>\n","protected":false},"excerpt":{"rendered":"<div class=\"mh-excerpt\">Han participat quatre dotacions de bombers i tres brigades forestals en aquest incendi ja estabilitzat Un nou incendi forestal en la Comunitat ha obligat a residents de la urbanitzaci\u00f3 de Almaguer d&#8217;Alfarb a abandonar els <a class=\"mh-excerpt-more\" href=\"https:\/\/www.tucomarca.com\/wordpress\/segunda\/ca\/els-bombers-continuan-amb-lextincio-de-lincendi-dalfarb-que-ha-obligat-a-desallotjar-una-urbanitzacio\/\" title=\"Els bombers continuan amb l&#8217;extinci\u00f3 de l&#8217;incendi d&#8217;Alfarb que ha obligat a desallotjar una urbanitzaci\u00f3\">[+] <\/a><\/div>\n","protected":false},"author":1,"featured_media":185805,"comment_status":"open","ping_status":"open","sticky":false,"template":"","format":"standard","meta":{"footnotes":""},"categories":[10982,10898,10948,10894,10904,10902,10896,10897],"tags":[12653,13613,12755,11356],"class_list":{"0":"post-185807","1":"post","2":"type-post","3":"status-publish","4":"format-standard","5":"has-post-thumbnail","7":"category-alfarp-ca","8":"category-ventana-ca","9":"category-infraestructuras-ca","10":"category-la-comarca-ca","11":"category-sin-categorizar-ca","12":"category-la-ribera-ca","13":"category-seccion-ca","14":"category-sucesos-la-comarca-ca","15":"tag-alfarp-ca","16":"tag-consorcio-de-bomberos-ca","17":"tag-incendio-ca","18":"tag-ribera-alta-ca"},"_links":{"self":[{"href":"https:\/\/www.tucomarca.com\/wordpress\/segunda\/ca\/wp-json\/wp\/v2\/posts\/185807","targetHints":{"allow":["GET"]}}],"collection":[{"href":"https:\/\/www.tucomarca.com\/wordpress\/segunda\/ca\/wp-json\/wp\/v2\/posts"}],"about":[{"href":"https:\/\/www.tucomarca.com\/wordpress\/segunda\/ca\/wp-json\/wp\/v2\/types\/post"}],"author":[{"embeddable":true,"href":"https:\/\/www.tucomarca.com\/wordpress\/segunda\/ca\/wp-json\/wp\/v2\/users\/1"}],"replies":[{"embeddable":true,"href":"https:\/\/www.tucomarca.com\/wordpress\/segunda\/ca\/wp-json\/wp\/v2\/comments?post=185807"}],"version-history":[{"count":0,"href":"https:\/\/www.tucomarca.com\/wordpress\/segunda\/ca\/wp-json\/wp\/v2\/posts\/185807\/revisions"}],"wp:featuredmedia":[{"embeddable":true,"href":"https:\/\/www.tucomarca.com\/wordpress\/segunda\/ca\/wp-json\/wp\/v2\/media\/185805"}],"wp:attachment":[{"href":"https:\/\/www.tucomarca.com\/wordpress\/segunda\/ca\/wp-json\/wp\/v2\/media?parent=185807"}],"wp:term":[{"taxonomy":"category","embeddable":true,"href":"https:\/\/www.tucomarca.com\/wordpress\/segunda\/ca\/wp-json\/wp\/v2\/categories?post=185807"},{"taxonomy":"post_tag","embeddable":true,"href":"https:\/\/www.tucomarca.com\/wordpress\/segunda\/ca\/wp-json\/wp\/v2\/tags?post=185807"}],"curies":[{"name":"wp","href":"https:\/\/api.w.org\/{rel}","templated":true}]}}