{"id":185947,"date":"2023-05-16T11:00:00","date_gmt":"2023-05-16T10:00:00","guid":{"rendered":"https:\/\/www.tucomarca.com\/wordpress\/segunda\/?p=185947"},"modified":"2023-05-16T11:21:25","modified_gmt":"2023-05-16T10:21:25","slug":"dues-persones-fugen-pel-balco-a-lhabitatge-contigu-despres-de-patir-un-incendi-en-la-seua-casa-a-ademus","status":"publish","type":"post","link":"https:\/\/www.tucomarca.com\/wordpress\/segunda\/ca\/dues-persones-fugen-pel-balco-a-lhabitatge-contigu-despres-de-patir-un-incendi-en-la-seua-casa-a-ademus\/","title":{"rendered":"Dues persones fugen pel balc\u00f3 a l&#8217;habitatge contigu despr\u00e9s de patir un incendi en la seua casa a Adem\u00fas"},"content":{"rendered":"\n<p>Efectius del Consorci Provincial de Bombers de Val\u00e8ncia van intervenir este dilluns a un incendi a un habitatge a Ademuz, concretament al carrer Empedrado on van acudir dues dotacions de bombers i un sergent del parc de Requena, efectius del parc de bombers voluntaris de Sinarcas, bombers forestals de Generalitat Valenciana aix\u00ed como bombers de Teruel.<\/p>\n\n\n\n<p>L&#8217;av\u00eds es va rebre a les 14,43 hores i afectava la part superior d&#8217;una casa de tres plantes, quedant molt afectada la part superior i col\u00b7lapsant part de la coberta. A l&#8217;arribada dels efectius, dues persones que estaven a la casa havien pogut fugir per un balc\u00f3 i passar a un habitatge contigu.<\/p>\n\n\n\n<p>Els bombers van extingir l&#8217;incendi i revisar els danys de la casa i de la contigua, on s&#8217;hi havia originat alguna esquerda. Els ve\u00efns de totes dues cases han passat la nit fora de casa a l&#8217;espera de les valoracions de l&#8217;arquitecte municipal.<\/p>\n\n\n\n<figure class=\"wp-block-image size-large\"><img loading=\"lazy\" decoding=\"async\" width=\"1024\" height=\"770\" src=\"http:\/\/www.tucomarca.com\/wordpress\/segunda\/wp-content\/uploads\/2023\/05\/AdemuzIncendio2-1024x770.jpg\" alt=\"\" class=\"wp-image-185941\" srcset=\"https:\/\/www.tucomarca.com\/wordpress\/segunda\/wp-content\/uploads\/2023\/05\/AdemuzIncendio2-1024x770.jpg 1024w, https:\/\/www.tucomarca.com\/wordpress\/segunda\/wp-content\/uploads\/2023\/05\/AdemuzIncendio2-300x226.jpg 300w, https:\/\/www.tucomarca.com\/wordpress\/segunda\/wp-content\/uploads\/2023\/05\/AdemuzIncendio2-768x578.jpg 768w, https:\/\/www.tucomarca.com\/wordpress\/segunda\/wp-content\/uploads\/2023\/05\/AdemuzIncendio2-1536x1155.jpg 1536w, https:\/\/www.tucomarca.com\/wordpress\/segunda\/wp-content\/uploads\/2023\/05\/AdemuzIncendio2-678x509.jpg 678w, https:\/\/www.tucomarca.com\/wordpress\/segunda\/wp-content\/uploads\/2023\/05\/AdemuzIncendio2-326x245.jpg 326w, https:\/\/www.tucomarca.com\/wordpress\/segunda\/wp-content\/uploads\/2023\/05\/AdemuzIncendio2-80x60.jpg 80w, https:\/\/www.tucomarca.com\/wordpress\/segunda\/wp-content\/uploads\/2023\/05\/AdemuzIncendio2.jpg 1920w\" sizes=\"auto, (max-width: 1024px) 100vw, 1024px\" \/><\/figure>\n","protected":false},"excerpt":{"rendered":"<div class=\"mh-excerpt\">Efectius del Consorci Provincial de Bombers de Val\u00e8ncia van intervenir este dilluns a un incendi a un habitatge a Ademuz, concretament al carrer Empedrado on van acudir dues dotacions de bombers i un sergent del <a class=\"mh-excerpt-more\" href=\"https:\/\/www.tucomarca.com\/wordpress\/segunda\/ca\/dues-persones-fugen-pel-balco-a-lhabitatge-contigu-despres-de-patir-un-incendi-en-la-seua-casa-a-ademus\/\" title=\"Dues persones fugen pel balc\u00f3 a l&#8217;habitatge contigu despr\u00e9s de patir un incendi en la seua casa a Adem\u00fas\">[+] <\/a><\/div>\n","protected":false},"author":1,"featured_media":185940,"comment_status":"open","ping_status":"open","sticky":false,"template":"","format":"image","meta":{"footnotes":""},"categories":[10890,10926,10898,10948,10894,10904,10896,10897],"tags":[11097,12834,10901],"class_list":{"0":"post-185947","1":"post","2":"type-post","3":"status-publish","4":"format-image","5":"has-post-thumbnail","7":"category-ademus","8":"category-ademus-ca","9":"category-ventana-ca","10":"category-infraestructuras-ca","11":"category-la-comarca-ca","12":"category-sin-categorizar-ca","13":"category-seccion-ca","14":"category-sucesos-la-comarca-ca","15":"tag-ademuz-ca","16":"tag-consorcio-provincial-de-bomberos-de-valencia-ca","17":"tag-sucesos-ca","18":"post_format-post-format-image"},"_links":{"self":[{"href":"https:\/\/www.tucomarca.com\/wordpress\/segunda\/ca\/wp-json\/wp\/v2\/posts\/185947","targetHints":{"allow":["GET"]}}],"collection":[{"href":"https:\/\/www.tucomarca.com\/wordpress\/segunda\/ca\/wp-json\/wp\/v2\/posts"}],"about":[{"href":"https:\/\/www.tucomarca.com\/wordpress\/segunda\/ca\/wp-json\/wp\/v2\/types\/post"}],"author":[{"embeddable":true,"href":"https:\/\/www.tucomarca.com\/wordpress\/segunda\/ca\/wp-json\/wp\/v2\/users\/1"}],"replies":[{"embeddable":true,"href":"https:\/\/www.tucomarca.com\/wordpress\/segunda\/ca\/wp-json\/wp\/v2\/comments?post=185947"}],"version-history":[{"count":0,"href":"https:\/\/www.tucomarca.com\/wordpress\/segunda\/ca\/wp-json\/wp\/v2\/posts\/185947\/revisions"}],"wp:featuredmedia":[{"embeddable":true,"href":"https:\/\/www.tucomarca.com\/wordpress\/segunda\/ca\/wp-json\/wp\/v2\/media\/185940"}],"wp:attachment":[{"href":"https:\/\/www.tucomarca.com\/wordpress\/segunda\/ca\/wp-json\/wp\/v2\/media?parent=185947"}],"wp:term":[{"taxonomy":"category","embeddable":true,"href":"https:\/\/www.tucomarca.com\/wordpress\/segunda\/ca\/wp-json\/wp\/v2\/categories?post=185947"},{"taxonomy":"post_tag","embeddable":true,"href":"https:\/\/www.tucomarca.com\/wordpress\/segunda\/ca\/wp-json\/wp\/v2\/tags?post=185947"}],"curies":[{"name":"wp","href":"https:\/\/api.w.org\/{rel}","templated":true}]}}