{"id":185957,"date":"2023-05-16T10:45:00","date_gmt":"2023-05-16T09:45:00","guid":{"rendered":"https:\/\/www.tucomarca.com\/wordpress\/segunda\/?p=185957"},"modified":"2023-05-16T11:35:14","modified_gmt":"2023-05-16T10:35:14","slug":"la-unio-xifra-en-829-les-hectarees-afectades-per-la-tempesta-de-pedra-del-passat-divendres-a-requena-utiel","status":"publish","type":"post","link":"https:\/\/www.tucomarca.com\/wordpress\/segunda\/ca\/la-unio-xifra-en-829-les-hectarees-afectades-per-la-tempesta-de-pedra-del-passat-divendres-a-requena-utiel\/","title":{"rendered":"La Uni\u00f3 xifra en 829 les hect\u00e0rees afectades per la tempesta de pedra del passat divendres a Requena-Utiel"},"content":{"rendered":"\n<p>La Uni\u00f3 Agricultora i Ramadera informa que la tempesta de pluja i pedra del passat divendres a Utiel-Requena va afectar unes 829 hect\u00e0rees de cultiu en la zona sud-oest de la comarca, amb principal afecci\u00f3 en el terme municipal de Venta del Moro i &nbsp;m\u00e9s concretament el seu llogaret de Cases de Moya.<\/p>\n\n\n\n<p>La primera estimaci\u00f3 de danys directes en els cultius, fonamentalment la vinya, \u00e9s d&#8217;al voltant de 200.000 euros. La Va unir sol\u00b7licita l&#8217;urgent peritatge dels danys en les parcel\u00b7les sinistrades.<\/p>\n\n\n\n<p>Els citats danys se sumen als causats per la sequera i la fauna salvatge. Segons els agricultors, la tempesta nom\u00e9s va produir danys; perqu\u00e8 les quantitats d&#8217;aigua de pluja registrades van estar, en general, per davall dels 10 litres per metre quadrat, que ni tan sols alleujaran la sequera gens ni mica.<\/p>\n\n\n\n<p>Foto de <strong>Paco Monteagudo<\/strong> de la pedra caiguda en camps de Cases de Moya. Informa, <strong>Luis Ib\u00e1\u00f1ez<\/strong>.<\/p>\n","protected":false},"excerpt":{"rendered":"<div class=\"mh-excerpt\">La Uni\u00f3 Agricultora i Ramadera informa que la tempesta de pluja i pedra del passat divendres a Utiel-Requena va afectar unes 829 hect\u00e0rees de cultiu en la zona sud-oest de la comarca, amb principal afecci\u00f3 <a class=\"mh-excerpt-more\" href=\"https:\/\/www.tucomarca.com\/wordpress\/segunda\/ca\/la-unio-xifra-en-829-les-hectarees-afectades-per-la-tempesta-de-pedra-del-passat-divendres-a-requena-utiel\/\" title=\"La Uni\u00f3 xifra en 829 les hect\u00e0rees afectades per la tempesta de pedra del passat divendres a Requena-Utiel\">[+] <\/a><\/div>\n","protected":false},"author":1,"featured_media":185965,"comment_status":"open","ping_status":"open","sticky":false,"template":"","format":"standard","meta":{"footnotes":""},"categories":[10905,10898,10948,10894,10904,10903,10909,10896,10897,11060],"tags":[12398,10910,19229,11709],"class_list":{"0":"post-185957","1":"post","2":"type-post","3":"status-publish","4":"format-standard","5":"has-post-thumbnail","7":"category-agricultura-la-comarca-ca","8":"category-ventana-ca","9":"category-infraestructuras-ca","10":"category-la-comarca-ca","11":"category-sin-categorizar-ca","12":"category-medio-ambiente-la-comarca-ca","13":"category-requena-utiel-ca","14":"category-seccion-ca","15":"category-sucesos-la-comarca-ca","16":"category-venta-del-moro-ca","17":"tag-pedrisco-ca","18":"tag-requena-utiel-ca","19":"tag-unio-ca","20":"tag-venta-del-moro-ca"},"_links":{"self":[{"href":"https:\/\/www.tucomarca.com\/wordpress\/segunda\/ca\/wp-json\/wp\/v2\/posts\/185957","targetHints":{"allow":["GET"]}}],"collection":[{"href":"https:\/\/www.tucomarca.com\/wordpress\/segunda\/ca\/wp-json\/wp\/v2\/posts"}],"about":[{"href":"https:\/\/www.tucomarca.com\/wordpress\/segunda\/ca\/wp-json\/wp\/v2\/types\/post"}],"author":[{"embeddable":true,"href":"https:\/\/www.tucomarca.com\/wordpress\/segunda\/ca\/wp-json\/wp\/v2\/users\/1"}],"replies":[{"embeddable":true,"href":"https:\/\/www.tucomarca.com\/wordpress\/segunda\/ca\/wp-json\/wp\/v2\/comments?post=185957"}],"version-history":[{"count":0,"href":"https:\/\/www.tucomarca.com\/wordpress\/segunda\/ca\/wp-json\/wp\/v2\/posts\/185957\/revisions"}],"wp:featuredmedia":[{"embeddable":true,"href":"https:\/\/www.tucomarca.com\/wordpress\/segunda\/ca\/wp-json\/wp\/v2\/media\/185965"}],"wp:attachment":[{"href":"https:\/\/www.tucomarca.com\/wordpress\/segunda\/ca\/wp-json\/wp\/v2\/media?parent=185957"}],"wp:term":[{"taxonomy":"category","embeddable":true,"href":"https:\/\/www.tucomarca.com\/wordpress\/segunda\/ca\/wp-json\/wp\/v2\/categories?post=185957"},{"taxonomy":"post_tag","embeddable":true,"href":"https:\/\/www.tucomarca.com\/wordpress\/segunda\/ca\/wp-json\/wp\/v2\/tags?post=185957"}],"curies":[{"name":"wp","href":"https:\/\/api.w.org\/{rel}","templated":true}]}}