{"id":186092,"date":"2023-05-17T09:30:00","date_gmt":"2023-05-17T08:30:00","guid":{"rendered":"https:\/\/www.tucomarca.com\/wordpress\/segunda\/?p=186092"},"modified":"2023-05-17T17:45:35","modified_gmt":"2023-05-17T16:45:35","slug":"concentracions-de-funcionaris-de-justicia-en-els-partits-judicials-per-a-exigir-una-millora-de-les-seues-condicions-laborals","status":"publish","type":"post","link":"https:\/\/www.tucomarca.com\/wordpress\/segunda\/ca\/concentracions-de-funcionaris-de-justicia-en-els-partits-judicials-per-a-exigir-una-millora-de-les-seues-condicions-laborals\/","title":{"rendered":"Concentracions de funcionaris de Just\u00edcia en els partits judicials per a exigir una millora de les seues condicions laborals"},"content":{"rendered":"\n<h4 class=\"wp-block-heading\">Hui es compleix una nova jornada de vaga, que podria convertir-se en indefinida a partir del 22 si no hi ha soluciones<\/h4>\n\n\n\n<p>CSIF ha dut a terme, al costat de la resta de sindicats impulsors de la vaga de funcionaris de Just\u00edcia (CCOO, STAJ i UGT), concentracions en els diferents partits judicials de la Comunitat Valenciana. La ra\u00f3 d&#8217;aquesta mesura, que se suma a les jornades de vaga d&#8217;ahir, hui i dem\u00e0, consisteix a exigir millores per al col\u00b7lectiu.<br>La Central Sindical Independent i de Funcionaris (CSIF) explica que la falta d&#8217;una negociaci\u00f3 efectiva per part del Ministeri de Just\u00edcia est\u00e0 provocant que \u201ccada dia que passa augmente el retard en la tramitaci\u00f3 de procediments judicials i tinga lloc l&#8217;ajornament de m\u00e9s judicis i vistes, la qual cosa suposa un perjudici a la ciutadania\u201d.<br>CSIF destaca que la falta de voluntat negociadora del Govern pot ocasionar que la vaga s&#8217;amplie, ja que a partir del dia 22 de maig est\u00e0 convocada de manera indefinida, i el 25 del mateix mes hi haur\u00e0 una gran manifestaci\u00f3 a Madrid.<br>Els sindicats han registrat en Moncloa una carta dirigida al president del Govern, Pedro S\u00e1nchez, empla\u00e7ant-li al fet que autoritze una oferta econ\u00f2mica que reconega les funcions que realitzen cada dia els funcionaris, i a negociar el contingut dels projectes de llei d&#8217;Efici\u00e8ncia.&nbsp;<br>Els funcionaris exigeixen una millora salarial que es duria a terme a trav\u00e9s del concepte \u2018Complement general del lloc\u2019, una retribuci\u00f3 b\u00e0sica lligada a les funcions que realment realitzen en les oficines judicials. Aquesta circumst\u00e0ncia permetria elevar el sou al col\u00b7lectiu en tot l&#8217;Estat, independentment de la comunitat aut\u00f2noma en la qual treballen aix\u00ed com la negociaci\u00f3 del contingut de les lleis d&#8217;efici\u00e8ncia que estan cridades a transformar l&#8217;Administraci\u00f3 de Just\u00edcia.<\/p>\n\n\n\n<p><\/p>\n","protected":false},"excerpt":{"rendered":"<div class=\"mh-excerpt\">Hui es compleix una nova jornada de vaga, que podria convertir-se en indefinida a partir del 22 si no hi ha soluciones CSIF ha dut a terme, al costat de la resta de sindicats impulsors <a class=\"mh-excerpt-more\" href=\"https:\/\/www.tucomarca.com\/wordpress\/segunda\/ca\/concentracions-de-funcionaris-de-justicia-en-els-partits-judicials-per-a-exigir-una-millora-de-les-seues-condicions-laborals\/\" title=\"Concentracions de funcionaris de Just\u00edcia en els partits judicials per a exigir una millora de les seues condicions laborals\">[+] <\/a><\/div>\n","protected":false},"author":12,"featured_media":186091,"comment_status":"open","ping_status":"open","sticky":false,"template":"","format":"standard","meta":{"footnotes":""},"categories":[10889,10948,10894,10902,10947,10896],"tags":[11192,11345,11356],"class_list":{"0":"post-186092","1":"post","2":"type-post","3":"status-publish","4":"format-standard","5":"has-post-thumbnail","7":"category-alzira-cat","8":"category-infraestructuras-ca","9":"category-la-comarca-ca","10":"category-la-ribera-ca","11":"category-politica","12":"category-seccion-ca","13":"tag-alzira-ca","14":"tag-csif-ca","15":"tag-ribera-alta-ca"},"_links":{"self":[{"href":"https:\/\/www.tucomarca.com\/wordpress\/segunda\/ca\/wp-json\/wp\/v2\/posts\/186092","targetHints":{"allow":["GET"]}}],"collection":[{"href":"https:\/\/www.tucomarca.com\/wordpress\/segunda\/ca\/wp-json\/wp\/v2\/posts"}],"about":[{"href":"https:\/\/www.tucomarca.com\/wordpress\/segunda\/ca\/wp-json\/wp\/v2\/types\/post"}],"author":[{"embeddable":true,"href":"https:\/\/www.tucomarca.com\/wordpress\/segunda\/ca\/wp-json\/wp\/v2\/users\/12"}],"replies":[{"embeddable":true,"href":"https:\/\/www.tucomarca.com\/wordpress\/segunda\/ca\/wp-json\/wp\/v2\/comments?post=186092"}],"version-history":[{"count":0,"href":"https:\/\/www.tucomarca.com\/wordpress\/segunda\/ca\/wp-json\/wp\/v2\/posts\/186092\/revisions"}],"wp:featuredmedia":[{"embeddable":true,"href":"https:\/\/www.tucomarca.com\/wordpress\/segunda\/ca\/wp-json\/wp\/v2\/media\/186091"}],"wp:attachment":[{"href":"https:\/\/www.tucomarca.com\/wordpress\/segunda\/ca\/wp-json\/wp\/v2\/media?parent=186092"}],"wp:term":[{"taxonomy":"category","embeddable":true,"href":"https:\/\/www.tucomarca.com\/wordpress\/segunda\/ca\/wp-json\/wp\/v2\/categories?post=186092"},{"taxonomy":"post_tag","embeddable":true,"href":"https:\/\/www.tucomarca.com\/wordpress\/segunda\/ca\/wp-json\/wp\/v2\/tags?post=186092"}],"curies":[{"name":"wp","href":"https:\/\/api.w.org\/{rel}","templated":true}]}}