{"id":186106,"date":"2023-05-17T21:00:00","date_gmt":"2023-05-17T20:00:00","guid":{"rendered":"https:\/\/www.tucomarca.com\/wordpress\/segunda\/?p=186106"},"modified":"2023-05-18T12:41:43","modified_gmt":"2023-05-18T11:41:43","slug":"esquerra-unida-dalgemesi-presenta-un-programa-electoral-amb-propostes-factibles-si-revalida-el-govern-de-coalicio","status":"publish","type":"post","link":"https:\/\/www.tucomarca.com\/wordpress\/segunda\/ca\/esquerra-unida-dalgemesi-presenta-un-programa-electoral-amb-propostes-factibles-si-revalida-el-govern-de-coalicio\/","title":{"rendered":"Esquerra Unida d\u2019Algemes\u00ed presenta un programa electoral amb propostes \u2018factibles\u2019 si revalida el govern de coalici\u00f3"},"content":{"rendered":"\n<h4 class=\"wp-block-heading\">El programa municipal, que compta amb 136 propostes adaptades a les necessitats d\u2019Algemes\u00ed, es presenta este dijous 18 en el sal\u00f3 d\u2019actes del Casino Lliberal<\/h4>\n\n\n\n<p>Esquerra Unida d\u2019Algemes\u00ed presenta el dijous 18 de maig a les 19 hores en el sal\u00f3 d\u2019actes del Casino Lliberal el seu programa electoral per a les eleccions municipals. Baix el lema \u00abLa nostra faena la notes tu\u00bb, el programa d\u2019Esquerra Unida busca continuar amb el treball realitzat al llarg dels \u00faltims huit anys de govern de coalici\u00f3 en Algemes\u00ed.<\/p>\n\n\n\n<p>El programa electoral compta amb 136 propostes i 8 blocs tem\u00e0tics on la formaci\u00f3 pol\u00edtica ha estat destacant principalment quatre d\u2019ells al llarg de la campanya electoral: 1) Mediambient i mobilitat; 2) Treball i habitatge; 3) Sanitat, cures i igualtat i 4) Associacionisme. Segons explica la candidata a l\u2019alcaldia Fina Mach\u00ed \u201cel programa est\u00e0 basat en propostes factibles i viables econ\u00f2micament\u201d tot i que tamb\u00e9 assegura que \u201calgunes d\u2019elles depenen d\u2019un <em>Bot\u00e0nic3<\/em> com \u00e9s la resid\u00e8ncia per a majors\u201d.&nbsp;<\/p>\n\n\n\n<p>En l\u2019acte de presentaci\u00f3 del programa, a banda de Mach\u00ed, tamb\u00e9 participar\u00e0 Tony Cooper, advocat de 32 anys, qui ocupa el n\u00famero dos de la llista; Noelia Girb\u00e9s, citot\u00e8cnic de 27 anys, en el n\u00famero tres; Ximo Rosell, professor de formaci\u00f3 professional i actual regidor d\u2019Educaci\u00f3, Salut i Igualtat a l\u2019Ajuntament d\u2019Algemes\u00ed, qui ocupa el quart lloc de la llista; Anna Tormos educadora social i quinta en la llista i Ferran Santos, professor de comunicaci\u00f3 audiovisual i n\u00famero sis de la candidatura.<\/p>\n\n\n\n<p><\/p>\n","protected":false},"excerpt":{"rendered":"<div class=\"mh-excerpt\">El programa municipal, que compta amb 136 propostes adaptades a les necessitats d\u2019Algemes\u00ed, es presenta este dijous 18 en el sal\u00f3 d\u2019actes del Casino Lliberal Esquerra Unida d\u2019Algemes\u00ed presenta el dijous 18 de maig a <a class=\"mh-excerpt-more\" href=\"https:\/\/www.tucomarca.com\/wordpress\/segunda\/ca\/esquerra-unida-dalgemesi-presenta-un-programa-electoral-amb-propostes-factibles-si-revalida-el-govern-de-coalicio\/\" title=\"Esquerra Unida d\u2019Algemes\u00ed presenta un programa electoral amb propostes \u2018factibles\u2019 si revalida el govern de coalici\u00f3\">[+] <\/a><\/div>\n","protected":false},"author":12,"featured_media":186105,"comment_status":"open","ping_status":"open","sticky":false,"template":"","format":"standard","meta":{"footnotes":""},"categories":[11019,10983,10948,10894,10902,10947,10896],"tags":[11081,14942,11356],"class_list":{"0":"post-186106","1":"post","2":"type-post","3":"status-publish","4":"format-standard","5":"has-post-thumbnail","7":"category-agenda-ca","8":"category-algemesi-ca","9":"category-infraestructuras-ca","10":"category-la-comarca-ca","11":"category-la-ribera-ca","12":"category-politica","13":"category-seccion-ca","14":"tag-algemesi-ca","15":"tag-eu-algemesi-ca","16":"tag-ribera-alta-ca"},"_links":{"self":[{"href":"https:\/\/www.tucomarca.com\/wordpress\/segunda\/ca\/wp-json\/wp\/v2\/posts\/186106","targetHints":{"allow":["GET"]}}],"collection":[{"href":"https:\/\/www.tucomarca.com\/wordpress\/segunda\/ca\/wp-json\/wp\/v2\/posts"}],"about":[{"href":"https:\/\/www.tucomarca.com\/wordpress\/segunda\/ca\/wp-json\/wp\/v2\/types\/post"}],"author":[{"embeddable":true,"href":"https:\/\/www.tucomarca.com\/wordpress\/segunda\/ca\/wp-json\/wp\/v2\/users\/12"}],"replies":[{"embeddable":true,"href":"https:\/\/www.tucomarca.com\/wordpress\/segunda\/ca\/wp-json\/wp\/v2\/comments?post=186106"}],"version-history":[{"count":0,"href":"https:\/\/www.tucomarca.com\/wordpress\/segunda\/ca\/wp-json\/wp\/v2\/posts\/186106\/revisions"}],"wp:featuredmedia":[{"embeddable":true,"href":"https:\/\/www.tucomarca.com\/wordpress\/segunda\/ca\/wp-json\/wp\/v2\/media\/186105"}],"wp:attachment":[{"href":"https:\/\/www.tucomarca.com\/wordpress\/segunda\/ca\/wp-json\/wp\/v2\/media?parent=186106"}],"wp:term":[{"taxonomy":"category","embeddable":true,"href":"https:\/\/www.tucomarca.com\/wordpress\/segunda\/ca\/wp-json\/wp\/v2\/categories?post=186106"},{"taxonomy":"post_tag","embeddable":true,"href":"https:\/\/www.tucomarca.com\/wordpress\/segunda\/ca\/wp-json\/wp\/v2\/tags?post=186106"}],"curies":[{"name":"wp","href":"https:\/\/api.w.org\/{rel}","templated":true}]}}