{"id":186203,"date":"2023-05-19T09:30:00","date_gmt":"2023-05-19T08:30:00","guid":{"rendered":"https:\/\/www.tucomarca.com\/wordpress\/segunda\/?p=186203"},"modified":"2023-05-19T13:48:42","modified_gmt":"2023-05-19T12:48:42","slug":"esquerra-unida-dalgemesi-presenta-el-seu-programa-electoral-amb-136-propostes-per-a-continuar-millorant-algemesi","status":"publish","type":"post","link":"https:\/\/www.tucomarca.com\/wordpress\/segunda\/ca\/esquerra-unida-dalgemesi-presenta-el-seu-programa-electoral-amb-136-propostes-per-a-continuar-millorant-algemesi\/","title":{"rendered":"Esquerra Unida d\u2019Algemes\u00ed presenta el seu programa electoral amb 136 propostes per a continuar millorant Algemes\u00ed"},"content":{"rendered":"\n<h4 class=\"wp-block-heading\">En la presentaci\u00f3 del programa celebrada ahir, la formaci\u00f3 pol\u00edtica ha destacat la faena feta en els vuit anys de govern de coalici\u00f3 i el projecte de ciutat per a la seg\u00fcent legislatura<\/h4>\n\n\n\n<p>Esquerra Unida d\u2019Algemes\u00ed ha celebrat este dijous 18 de maig, en el sal\u00f3 d\u2019actes del Casino Lliberal, l\u2019acte de presentaci\u00f3 de programa per a les eleccions municipals. Ferran Santos, professor de comunicaci\u00f3 audiovisual i n\u00famero sis de la candidatura arrancava l\u2019acte destacant la faena d\u2019Esquerra Unida en el govern de coalici\u00f3 de la ciutat: \u201cAfrontem este proc\u00e9s electoral amb l&#8217;experi\u00e8ncia i el bagatge d&#8217;haver estat en el govern&#8221;.<\/p>\n\n\n\n<p>Ximo Rosell, professor d\u2019FP i actual regidor d\u2019Educaci\u00f3, Salut i Igualtat a l\u2019Ajuntament d\u2019Algemes\u00ed, va abordar el bloc de mediambient i mobilitat, on va destacar, entre altres propostes, peatonalitzar el centre hist\u00f2ric, acabar de tancar l\u2019anell de carril bici o iniciar el projecte la reforma de la Ronda del Calvari com a continuaci\u00f3 del parc. En l\u2019eix de cultura, educaci\u00f3 i mem\u00f2ria, pos\u00e0 en valor el Pla Edificant que ha perm\u00e9s la millora dels col\u00b7legis p\u00fablics com l\u2019Alberto Tortajada, el Carme Miquel o el de Blasco Iba\u00f1ez.&nbsp;<\/p>\n\n\n\n<p>Noelia Girb\u00e9s, n\u00famero tres de la candidatura, va presentar algunes de les propostes m\u00e9s destacables en els blocs d\u2019associacionisme i de joventut i esport. All\u00ed va reivindicar el paper de les 171 associacions de la ciutat i la necessitat d\u2019ajudar-les amb cursos de formaci\u00f3 assessorament gratu\u00eft per a les persones associades en mat\u00e8ria d\u2019obligacions fiscals o comunicaci\u00f3 digital. Tamb\u00e9 destac\u00e0 les festes i el LGTBIfest com a esdeveniment inclusiu amb molt de potencial o la necessitat de fomentar des de l\u2019Ajuntament les competicions esportives feminines.<\/p>\n\n\n\n<p>Tony Cooper, n\u00famero 2 de la candidatura, s\u2019ocup\u00e0 dels blocs d\u2019economia, treball i habitatge. Va destacar la proposta de creaci\u00f3 d\u2019una l\u2019Oficina T\u00e8cnica de l&#8217;Agricultura per a oferir m\u00e9s informaci\u00f3 als agricultors perqu\u00e8 puguen assessorar-se i gestionar les ajudes de les diferents institucions. Tamb\u00e9 va subratllar la import\u00e0ncia de la col\u00b7laboraci\u00f3 amb les entitats econ\u00f2miques de la ciutat com Acsa i Empal i potenciar el comer\u00e7 local i l&#8217;hostaleria amb premis i campanyes de promoci\u00f3 econ\u00f2mica, aix\u00ed com una Targeta Activa per a menors de 35 anys que compren la seua vivenda a Algemes\u00ed dotada d\u2019una ajuda per a comprar mobiliari, utensilis, etc. en el comer\u00e7 local.<\/p>\n\n\n\n<p>L&#8217;alcaldable Fina Mach\u00ed acab\u00e0 l\u2019acte exposant els blocs de salut, tercera edat, inf\u00e0ncia i cures. Entre les mesures m\u00e9s destacables, Mach\u00ed&nbsp; va assegurar que en Esquerra Unida &#8220;apostem per un pla de salut mental, volem fer-ne un espec\u00edfic per a les nostres ve\u00efnes i ve\u00efns. Despr\u00e9s de la pand\u00e8mia \u00e9s m\u00e9s necessari que mai&#8221;. Tamb\u00e9 va destacar el Pla Corresponsables per a la conciliaci\u00f3 familiar i laboral que ha estat portant en marxa Ximo Rosell des de la regidoria d\u2019Igualtat i que es vol continuar millorant durant els pr\u00f2xims quatre anys. \u201cCom heu pogut comprovar, la Igualtat no t\u00e9 un bloc espec\u00edfic perqu\u00e8 ha estat present i de manera transversal en cadascun dels apartats del programa\u201d, remat\u00e0 Mach\u00ed.<\/p>\n\n\n\n<p>Enlla\u00e7 al programa: <a href=\"https:\/\/linktr.ee\/eualgemesi\">https:\/\/linktr.ee\/eualgemesi<\/a>&nbsp;<\/p>\n\n\n\n<p><\/p>\n","protected":false},"excerpt":{"rendered":"<div class=\"mh-excerpt\">En la presentaci\u00f3 del programa celebrada ahir, la formaci\u00f3 pol\u00edtica ha destacat la faena feta en els vuit anys de govern de coalici\u00f3 i el projecte de ciutat per a la seg\u00fcent legislatura Esquerra Unida <a class=\"mh-excerpt-more\" href=\"https:\/\/www.tucomarca.com\/wordpress\/segunda\/ca\/esquerra-unida-dalgemesi-presenta-el-seu-programa-electoral-amb-136-propostes-per-a-continuar-millorant-algemesi\/\" title=\"Esquerra Unida d\u2019Algemes\u00ed presenta el seu programa electoral amb 136 propostes per a continuar millorant Algemes\u00ed\">[+] <\/a><\/div>\n","protected":false},"author":12,"featured_media":186201,"comment_status":"open","ping_status":"open","sticky":false,"template":"","format":"standard","meta":{"footnotes":""},"categories":[10983,10948,10894,10902,10947,10896],"tags":[11081,18828,14942,11356],"class_list":{"0":"post-186203","1":"post","2":"type-post","3":"status-publish","4":"format-standard","5":"has-post-thumbnail","7":"category-algemesi-ca","8":"category-infraestructuras-ca","9":"category-la-comarca-ca","10":"category-la-ribera-ca","11":"category-politica","12":"category-seccion-ca","13":"tag-algemesi-ca","14":"tag-elecciones-municipales-2023-ca","15":"tag-eu-algemesi-ca","16":"tag-ribera-alta-ca"},"_links":{"self":[{"href":"https:\/\/www.tucomarca.com\/wordpress\/segunda\/ca\/wp-json\/wp\/v2\/posts\/186203","targetHints":{"allow":["GET"]}}],"collection":[{"href":"https:\/\/www.tucomarca.com\/wordpress\/segunda\/ca\/wp-json\/wp\/v2\/posts"}],"about":[{"href":"https:\/\/www.tucomarca.com\/wordpress\/segunda\/ca\/wp-json\/wp\/v2\/types\/post"}],"author":[{"embeddable":true,"href":"https:\/\/www.tucomarca.com\/wordpress\/segunda\/ca\/wp-json\/wp\/v2\/users\/12"}],"replies":[{"embeddable":true,"href":"https:\/\/www.tucomarca.com\/wordpress\/segunda\/ca\/wp-json\/wp\/v2\/comments?post=186203"}],"version-history":[{"count":0,"href":"https:\/\/www.tucomarca.com\/wordpress\/segunda\/ca\/wp-json\/wp\/v2\/posts\/186203\/revisions"}],"wp:featuredmedia":[{"embeddable":true,"href":"https:\/\/www.tucomarca.com\/wordpress\/segunda\/ca\/wp-json\/wp\/v2\/media\/186201"}],"wp:attachment":[{"href":"https:\/\/www.tucomarca.com\/wordpress\/segunda\/ca\/wp-json\/wp\/v2\/media?parent=186203"}],"wp:term":[{"taxonomy":"category","embeddable":true,"href":"https:\/\/www.tucomarca.com\/wordpress\/segunda\/ca\/wp-json\/wp\/v2\/categories?post=186203"},{"taxonomy":"post_tag","embeddable":true,"href":"https:\/\/www.tucomarca.com\/wordpress\/segunda\/ca\/wp-json\/wp\/v2\/tags?post=186203"}],"curies":[{"name":"wp","href":"https:\/\/api.w.org\/{rel}","templated":true}]}}