{"id":186556,"date":"2023-05-23T13:00:00","date_gmt":"2023-05-23T12:00:00","guid":{"rendered":"https:\/\/www.tucomarca.com\/wordpress\/segunda\/?p=186556"},"modified":"2023-05-24T09:16:35","modified_gmt":"2023-05-24T08:16:35","slug":"opinio-julio-iglesias-o-miquel-navarro-per-robert-raga","status":"publish","type":"post","link":"https:\/\/www.tucomarca.com\/wordpress\/segunda\/ca\/opinio-julio-iglesias-o-miquel-navarro-per-robert-raga\/","title":{"rendered":"Opini\u00f3: &#8220;Julio Iglesias o Miquel Navarro&#8221;, per Robert Raga\u00a0"},"content":{"rendered":"\n<figure class=\"wp-block-image size-full is-resized\"><img loading=\"lazy\" decoding=\"async\" src=\"http:\/\/www.tucomarca.com\/wordpress\/segunda\/wp-content\/uploads\/2023\/05\/RobertRaga2.jpg\" alt=\"\" class=\"wp-image-186551\" width=\"275\" height=\"183\" srcset=\"https:\/\/www.tucomarca.com\/wordpress\/segunda\/wp-content\/uploads\/2023\/05\/RobertRaga2.jpg 707w, https:\/\/www.tucomarca.com\/wordpress\/segunda\/wp-content\/uploads\/2023\/05\/RobertRaga2-300x200.jpg 300w\" sizes=\"auto, (max-width: 275px) 100vw, 275px\" \/><\/figure>\n\n\n\n<p>\u201cQuan sent la paraula cultura, tire m\u00e0 a la pistola\u201d. Es tracta d&#8217;una frase denigrant i grollera que la llegenda atribueix al militar Mill\u00e1n Astray, fundador de la Legi\u00f3, procurador en Corts franquista i amic personal del dictador. Sens dubte, es tracta d&#8217;una afirmaci\u00f3 incapa\u00e7 de superar el filtre de qualsevol persona amb un m\u00ednim sentit com\u00fa que, no obstant aix\u00f2, nia encara en massa cervells de la dreta. A Riba-roja de T\u00faria, hem viscut, els dies previs a la campanya electoral, algunes situacions que ens han traslladat en el temps a una \u00e8poca que cr\u00e9iem oblidada, certament.&nbsp;<\/p>\n\n\n\n<p>Els fets estigmatitzen a pols a aquells que intenten acreditar una fulla de presentaci\u00f3 impol\u00b7luta tacada a foc lent per la mentida, la falsedat i la hipocresia. \u00c9s trist que encara hi haja gent que intente desacreditar a un dels nostres m\u00e9s insignes escultors i artistes valencians, Miquel Navarro, natural de Mislata i de renom internacional, per\u00f2 amb forts lla\u00e7os familiars amb Riba-roja de T\u00faria.&nbsp;<\/p>\n\n\n\n<p>Amb un bagatge art\u00edstic prol\u00edfic en la seua composici\u00f3 i imbatible entre experts i estudiosos, Miquel Navarro ha exposat una de les seues obres en el Espai d\u2019Art Contemporani (ECA) del Castell i, a m\u00e9s, des de l&#8217;ajuntament hem instal\u00b7lat una de les seues magn\u00edfiques escultures en una rotonda d&#8217;acc\u00e9s al municipi, dins del denominat Passeig de l\u2019Art, que transcorre des del Molinet al cam\u00ed dels \u00c0nimes. No obstant aix\u00f2, el Partit Popular, la dreta de sempre, s&#8217;ha dedicat a denigrar l&#8217;obra i a parlar de despeses fastuoses de tan magna escultura. M\u00e9s lluny de la realitat.&nbsp;<\/p>\n\n\n\n<p>L&#8217;escultura ja va ser en el seu moment lloada pel Partit Popular de Rita Barber\u00e0 que la volia per a Val\u00e8ncia. A m\u00e9s, al municipi no ens ha costat ni un c\u00e8ntim, gr\u00e0cies als fons de Cooperaci\u00f3 de la Generalitat Valenciana i la Diputaci\u00f3. Potser la dreta troba a faltar aquells fastos de l&#8217;estiu de l&#8217;any 2002, quan Julio Iglesias va oferir un concert a l&#8217;esplanada del riu per la \u201cm\u00f2dica\u201d xifra de 300.000 euros pagats pels seus amics els empresaris de manera \u201caltruista\u201d. El temps col\u00b7loca a cadasc\u00fa en el seu lloc. Els seus gustos culturals romanen hier\u00e0tics.<\/p>\n\n\n\n<p><strong><em>Robert Raga es alcalde de Riba-roja del T\u00faria<\/em><\/strong><\/p>\n","protected":false},"excerpt":{"rendered":"<div class=\"mh-excerpt\">\u201cQuan sent la paraula cultura, tire m\u00e0 a la pistola\u201d. Es tracta d&#8217;una frase denigrant i grollera que la llegenda atribueix al militar Mill\u00e1n Astray, fundador de la Legi\u00f3, procurador en Corts franquista i amic <a class=\"mh-excerpt-more\" href=\"https:\/\/www.tucomarca.com\/wordpress\/segunda\/ca\/opinio-julio-iglesias-o-miquel-navarro-per-robert-raga\/\" title=\"Opini\u00f3: &#8220;Julio Iglesias o Miquel Navarro&#8221;, per Robert Raga\u00a0\">[+] <\/a><\/div>\n","protected":false},"author":12,"featured_media":186552,"comment_status":"open","ping_status":"open","sticky":false,"template":"","format":"standard","meta":{"footnotes":""},"categories":[10892,10894,11020,11021,10947,10906,10896],"tags":[10899,11610,15024],"class_list":{"0":"post-186556","1":"post","2":"type-post","3":"status-publish","4":"format-standard","5":"has-post-thumbnail","7":"category-camp-de-turia-ca","8":"category-la-comarca-ca","9":"category-opinion-ca","10":"category-opinion-ca-2","11":"category-politica","12":"category-riba-roja-ca","13":"category-seccion-ca","14":"tag-camp-de-turia-ca","15":"tag-pspv-psoe-riba-roja-ca","16":"tag-riba-roja-de-turia-ca"},"_links":{"self":[{"href":"https:\/\/www.tucomarca.com\/wordpress\/segunda\/ca\/wp-json\/wp\/v2\/posts\/186556","targetHints":{"allow":["GET"]}}],"collection":[{"href":"https:\/\/www.tucomarca.com\/wordpress\/segunda\/ca\/wp-json\/wp\/v2\/posts"}],"about":[{"href":"https:\/\/www.tucomarca.com\/wordpress\/segunda\/ca\/wp-json\/wp\/v2\/types\/post"}],"author":[{"embeddable":true,"href":"https:\/\/www.tucomarca.com\/wordpress\/segunda\/ca\/wp-json\/wp\/v2\/users\/12"}],"replies":[{"embeddable":true,"href":"https:\/\/www.tucomarca.com\/wordpress\/segunda\/ca\/wp-json\/wp\/v2\/comments?post=186556"}],"version-history":[{"count":0,"href":"https:\/\/www.tucomarca.com\/wordpress\/segunda\/ca\/wp-json\/wp\/v2\/posts\/186556\/revisions"}],"wp:featuredmedia":[{"embeddable":true,"href":"https:\/\/www.tucomarca.com\/wordpress\/segunda\/ca\/wp-json\/wp\/v2\/media\/186552"}],"wp:attachment":[{"href":"https:\/\/www.tucomarca.com\/wordpress\/segunda\/ca\/wp-json\/wp\/v2\/media?parent=186556"}],"wp:term":[{"taxonomy":"category","embeddable":true,"href":"https:\/\/www.tucomarca.com\/wordpress\/segunda\/ca\/wp-json\/wp\/v2\/categories?post=186556"},{"taxonomy":"post_tag","embeddable":true,"href":"https:\/\/www.tucomarca.com\/wordpress\/segunda\/ca\/wp-json\/wp\/v2\/tags?post=186556"}],"curies":[{"name":"wp","href":"https:\/\/api.w.org\/{rel}","templated":true}]}}