{"id":186584,"date":"2023-05-23T17:00:00","date_gmt":"2023-05-23T16:00:00","guid":{"rendered":"https:\/\/www.tucomarca.com\/wordpress\/segunda\/?p=186584"},"modified":"2023-05-24T09:10:36","modified_gmt":"2023-05-24T08:10:36","slug":"la-ribera-dona-la-benvinguda-a-35-nous-residents","status":"publish","type":"post","link":"https:\/\/www.tucomarca.com\/wordpress\/segunda\/ca\/la-ribera-dona-la-benvinguda-a-35-nous-residents\/","title":{"rendered":"La Ribera dona la benvinguda a 35 nous residents"},"content":{"rendered":"\n<h4 class=\"wp-block-heading\">S&#8217;han complit 19 anys des que la Ribera rebera la seua acreditaci\u00f3 com a centre docent<br>Amb la incorporaci\u00f3 dels nous residents, 135 professionals cursen actualment la seua formaci\u00f3 especialitzada a la Ribera<\/h4>\n\n\n\n<p>L&#8217;Hospital Universitari de la Ribera ha celebrat aquest dimarts, 23 de maig, l&#8217;acte de benvinguda als nous residents.<\/p>\n\n\n\n<p>Es tracta de 24 metges (MIR), 2 farmac\u00e8utics (FIR), 8 infermers (EIR) i un psic\u00f2leg (PIR), que es formaran com a especialistes tant a l&#8217;Hospital d&#8217;Alzira com en els centres d&#8217;Atenci\u00f3 Prim\u00e0ria del Departament de Salut.<\/p>\n\n\n\n<p>L&#8217;acte d&#8217;acolliment ha anat a c\u00e0rrec de la gerent del Departament de Salut de la Ribera, Dra. Liliana Fuster, qui ha estat acompanyada del director m\u00e8dic de l&#8217;Hospital d&#8217;Alzira, Dr. Juan Manuel Campos; el director m\u00e8dic d&#8217;Atenci\u00f3 Prim\u00e0ria del Departament de Salut, Dr. Jos\u00e9 Manuel Soler, i de la directora d&#8217;Infermeria, Carmen Castillo.<\/p>\n\n\n\n<p>La Dra. Fuster ha donat l&#8217;enhorabona als nous residents i els ha instat a \u201caprofitar al m\u00e0xim aquests anys de formaci\u00f3, que us faran cr\u00e9ixer com a professionals i com a persones\u201d.&nbsp;<\/p>\n\n\n\n<p>Aix\u00ed, la Gerent ha recordat \u201cl&#8217;excel\u00b7l\u00e8ncia dels professionals amb qu\u00e8 compta el Departament de Salut de la Ribera\u201d i, en aquest sentit, ha animat als futurs especialistes a aprofitar-se al m\u00e0xim \u201cde tot el coneixement i el potencial hum\u00e0\u201d que estar\u00e0 al seu abast durant la seua formaci\u00f3.&nbsp;<\/p>\n\n\n\n<p>Entre els 24 metges residents que s&#8217;han incorporat hui al Departament de Salut de la Ribera, 6 cursaran l&#8217;especialitzaci\u00f3 en Medicina Familiar i Comunit\u00e0ria, 2 Radiodiagn\u00f2stic, 2 Pediatria, 2 Anestesiologia i Reanimaci\u00f3, 2 Cirurgia Ortop\u00e8dica i Traumatologia, 2 Medicina Intensiva, 2 Medicina Interna, 1 Obstetr\u00edcia i Ginecologia, 1 Cirurgia General i de l&#8217;Aparell Digestiu, 1 Oftalmologia, 1 Geriatria, 1 Urologia i 1 Psiquiatria.&nbsp;<\/p>\n\n\n\n<p>Aix\u00ed mateix, els farmac\u00e8utics residents incorporats s&#8217;especialitzaran en Microbiologia i Farm\u00e0cia Hospital\u00e0ria, respectivament, mentre que el psic\u00f2leg intern resident cursar\u00e0 l&#8217;especialitat de Psicologia.<\/p>\n\n\n\n<p>Per part seua, entre els infermers interns residents 4 s&#8217;especialitzaran en Infermeria Familiar i Comunit\u00e0ria, 3 en Infermeria Obst\u00e8tric-Ginecol\u00f2gica (matrona) i 1 en Infermeria de Salut Mental.&nbsp;<\/p>\n\n\n\n<p>Cal destacar que el 69% dels nous residents incorporats s\u00f3n dones i el 31%, homes.&nbsp;<\/p>\n\n\n\n<p>Amb la incorporaci\u00f3 dels nous residents, 135 professionals cursen actualment la seua formaci\u00f3 especialitzada a la Ribera. Segons ha destacat la Dra. Fuster, \u201caquesta quantitat de residents ens demostra que la formaci\u00f3 sanit\u00e0ria especialitzada t\u00e9 molt futur en el nostre Departament de Salut, especialment ara, quan es compleixen 19 anys des que la Ribera rebera la seua acreditaci\u00f3 com a centre docent\u201d.<\/p>\n\n\n\n<p>Comiat dels nous especialistes<\/p>\n\n\n\n<p>Durant el mateix acte celebrat aquest mat\u00ed a l&#8217;Hospital d&#8217;Alzira, s&#8217;ha acomiadat als 23 residents que han finalitzat la seua resid\u00e8ncia enguany a la Ribera, als quals la Gerent els ha desitjat \u201cun futur professional reeixit i gratificant\u201d, i als quals ha recordat que \u201cel pacient \u00e9s el centre del sistema i \u00e9s al seu servei al qual heu de posar el coneixement i l&#8217;experi\u00e8ncia adquirida, per\u00f2 tamb\u00e9 la formaci\u00f3 humana que heu rebut durant la vostra resid\u00e8ncia\u201d.<\/p>\n\n\n\n<p>L&#8217;acte ha finalitzat amb el lliurament del Premi al Millor Resident 2022-2023, que s&#8217;atorga sobre la base de la qualificaci\u00f3 en l&#8217;avaluaci\u00f3 anual, la traject\u00f2ria investigadora del futur especialista i la seua popularitat entre els seus companys residents, i que ha recaigut en la Dra. Marta Molina, resident de cinqu\u00e9 any de l&#8217;especialitat de Cirurgia Ortop\u00e8dica i Traumatologia.<\/p>\n\n\n\n<p><\/p>\n","protected":false},"excerpt":{"rendered":"<div class=\"mh-excerpt\">S&#8217;han complit 19 anys des que la Ribera rebera la seua acreditaci\u00f3 com a centre docentAmb la incorporaci\u00f3 dels nous residents, 135 professionals cursen actualment la seua formaci\u00f3 especialitzada a la Ribera L&#8217;Hospital Universitari de <a class=\"mh-excerpt-more\" href=\"https:\/\/www.tucomarca.com\/wordpress\/segunda\/ca\/la-ribera-dona-la-benvinguda-a-35-nous-residents\/\" title=\"La Ribera dona la benvinguda a 35 nous residents\">[+] <\/a><\/div>\n","protected":false},"author":12,"featured_media":186583,"comment_status":"open","ping_status":"open","sticky":false,"template":"","format":"standard","meta":{"footnotes":""},"categories":[10889,11010,10948,10894,10902,10896],"tags":[12491,11356],"class_list":{"0":"post-186584","1":"post","2":"type-post","3":"status-publish","4":"format-standard","5":"has-post-thumbnail","7":"category-alzira-cat","8":"category-canal-salud","9":"category-infraestructuras-ca","10":"category-la-comarca-ca","11":"category-la-ribera-ca","12":"category-seccion-ca","13":"tag-hospital-de-la-ribera-ca","14":"tag-ribera-alta-ca"},"_links":{"self":[{"href":"https:\/\/www.tucomarca.com\/wordpress\/segunda\/ca\/wp-json\/wp\/v2\/posts\/186584","targetHints":{"allow":["GET"]}}],"collection":[{"href":"https:\/\/www.tucomarca.com\/wordpress\/segunda\/ca\/wp-json\/wp\/v2\/posts"}],"about":[{"href":"https:\/\/www.tucomarca.com\/wordpress\/segunda\/ca\/wp-json\/wp\/v2\/types\/post"}],"author":[{"embeddable":true,"href":"https:\/\/www.tucomarca.com\/wordpress\/segunda\/ca\/wp-json\/wp\/v2\/users\/12"}],"replies":[{"embeddable":true,"href":"https:\/\/www.tucomarca.com\/wordpress\/segunda\/ca\/wp-json\/wp\/v2\/comments?post=186584"}],"version-history":[{"count":0,"href":"https:\/\/www.tucomarca.com\/wordpress\/segunda\/ca\/wp-json\/wp\/v2\/posts\/186584\/revisions"}],"wp:featuredmedia":[{"embeddable":true,"href":"https:\/\/www.tucomarca.com\/wordpress\/segunda\/ca\/wp-json\/wp\/v2\/media\/186583"}],"wp:attachment":[{"href":"https:\/\/www.tucomarca.com\/wordpress\/segunda\/ca\/wp-json\/wp\/v2\/media?parent=186584"}],"wp:term":[{"taxonomy":"category","embeddable":true,"href":"https:\/\/www.tucomarca.com\/wordpress\/segunda\/ca\/wp-json\/wp\/v2\/categories?post=186584"},{"taxonomy":"post_tag","embeddable":true,"href":"https:\/\/www.tucomarca.com\/wordpress\/segunda\/ca\/wp-json\/wp\/v2\/tags?post=186584"}],"curies":[{"name":"wp","href":"https:\/\/api.w.org\/{rel}","templated":true}]}}