{"id":186761,"date":"2023-05-25T11:00:00","date_gmt":"2023-05-25T10:00:00","guid":{"rendered":"https:\/\/www.tucomarca.com\/wordpress\/segunda\/?p=186761"},"modified":"2023-05-25T13:25:17","modified_gmt":"2023-05-25T12:25:17","slug":"csif-inicia-una-recollida-urgent-de-signatures-perque-no-es-tanque-el-quiosc-situat-dins-de-lhospital-dalzira","status":"publish","type":"post","link":"https:\/\/www.tucomarca.com\/wordpress\/segunda\/ca\/csif-inicia-una-recollida-urgent-de-signatures-perque-no-es-tanque-el-quiosc-situat-dins-de-lhospital-dalzira\/","title":{"rendered":"CSIF inicia una recollida urgent de signatures perqu\u00e8 no es tanque el quiosc situat dins de l&#8217;hospital d&#8217;Alzira\u00a0"},"content":{"rendered":"\n<h3 class=\"wp-block-heading\">El sindicat defensa el servei que presta als usuaris en unes circumst\u00e0ncies complicades i s&#8217;oposa a la decisi\u00f3 de la direcci\u00f3 del recinte d&#8217;encarir la seua explotaci\u00f3<\/h3>\n\n\n\n<p>El sindicat CSIF ha iniciat una recollida de signatures urgent per a evitar el tancament del quiosc de l&#8217;hospital d&#8217;Alzira, que presta un servei molt benvolgut pels usuaris. La central sindical lamenta que la direcci\u00f3 del recinte haja decidit endurir l&#8217;explotaci\u00f3 del servei i incitat a clausurar aquestes depend\u00e8ncies.<br>La Central Sindical Independent i de Funcionaris (CSIF) explica que el quiosc, a m\u00e9s de vendre peri\u00f2dics i revistes, tamb\u00e9 ofereix raspalls de dents, flors, productes d&#8217;higiene \u00edntima, regals i molts altres objectes que \u201cfan la vida m\u00e9s suportable a pacients i familiars\u201d.<br>El sindicat assenyala que aquest servei \u201ces ve prestant des de fa m\u00e9s de 20 anys. Al principi els van cedir unes instal\u00b7lacions de major amplitud, per a despr\u00e9s reduir-les\u201d. No obstant aix\u00f2, la situaci\u00f3 s&#8217;ha complicat amb \u201cl&#8217;enduriment del plec de condicions que regula el c\u00e0non d&#8217;explotaci\u00f3, en encarir-lo i abocar al tancament imminent del quiosc\u201d.<br>CSIF defensa que es \u201coferisca, per part de la direcci\u00f3 del departament de salut, la gesti\u00f3 d&#8217;aquest negoci en unes condicions adequades perqu\u00e8 qui vulga explotar-lo puga fer-ho i atendre els usuaris que el requerisquen\u201d. El sindicat recorda que l&#8217;hospital es troba separat del nucli urb\u00e0, i que per a molts familiars o amics de persones malaltes l&#8217;\u00fanica ocasi\u00f3 de comprar un detall als seus sers estimats consisteix a fer-lo en aquest quiosc.<\/p>\n","protected":false},"excerpt":{"rendered":"<div class=\"mh-excerpt\">El sindicat defensa el servei que presta als usuaris en unes circumst\u00e0ncies complicades i s&#8217;oposa a la decisi\u00f3 de la direcci\u00f3 del recinte d&#8217;encarir la seua explotaci\u00f3 El sindicat CSIF ha iniciat una recollida de <a class=\"mh-excerpt-more\" href=\"https:\/\/www.tucomarca.com\/wordpress\/segunda\/ca\/csif-inicia-una-recollida-urgent-de-signatures-perque-no-es-tanque-el-quiosc-situat-dins-de-lhospital-dalzira\/\" title=\"CSIF inicia una recollida urgent de signatures perqu\u00e8 no es tanque el quiosc situat dins de l&#8217;hospital d&#8217;Alzira\u00a0\">[+] <\/a><\/div>\n","protected":false},"author":1,"featured_media":186759,"comment_status":"open","ping_status":"open","sticky":false,"template":"","format":"standard","meta":{"footnotes":""},"categories":[10889,10948,10894,10904,10902,10947,10896],"tags":[11192,11345,14381,11077],"class_list":{"0":"post-186761","1":"post","2":"type-post","3":"status-publish","4":"format-standard","5":"has-post-thumbnail","7":"category-alzira-cat","8":"category-infraestructuras-ca","9":"category-la-comarca-ca","10":"category-sin-categorizar-ca","11":"category-la-ribera-ca","12":"category-politica","13":"category-seccion-ca","14":"tag-alzira-ca","15":"tag-csif-ca","16":"tag-hospital-la-ribera-ca","17":"tag-la-ribera-alta-ca"},"_links":{"self":[{"href":"https:\/\/www.tucomarca.com\/wordpress\/segunda\/ca\/wp-json\/wp\/v2\/posts\/186761","targetHints":{"allow":["GET"]}}],"collection":[{"href":"https:\/\/www.tucomarca.com\/wordpress\/segunda\/ca\/wp-json\/wp\/v2\/posts"}],"about":[{"href":"https:\/\/www.tucomarca.com\/wordpress\/segunda\/ca\/wp-json\/wp\/v2\/types\/post"}],"author":[{"embeddable":true,"href":"https:\/\/www.tucomarca.com\/wordpress\/segunda\/ca\/wp-json\/wp\/v2\/users\/1"}],"replies":[{"embeddable":true,"href":"https:\/\/www.tucomarca.com\/wordpress\/segunda\/ca\/wp-json\/wp\/v2\/comments?post=186761"}],"version-history":[{"count":0,"href":"https:\/\/www.tucomarca.com\/wordpress\/segunda\/ca\/wp-json\/wp\/v2\/posts\/186761\/revisions"}],"wp:featuredmedia":[{"embeddable":true,"href":"https:\/\/www.tucomarca.com\/wordpress\/segunda\/ca\/wp-json\/wp\/v2\/media\/186759"}],"wp:attachment":[{"href":"https:\/\/www.tucomarca.com\/wordpress\/segunda\/ca\/wp-json\/wp\/v2\/media?parent=186761"}],"wp:term":[{"taxonomy":"category","embeddable":true,"href":"https:\/\/www.tucomarca.com\/wordpress\/segunda\/ca\/wp-json\/wp\/v2\/categories?post=186761"},{"taxonomy":"post_tag","embeddable":true,"href":"https:\/\/www.tucomarca.com\/wordpress\/segunda\/ca\/wp-json\/wp\/v2\/tags?post=186761"}],"curies":[{"name":"wp","href":"https:\/\/api.w.org\/{rel}","templated":true}]}}