{"id":186823,"date":"2023-05-25T14:00:00","date_gmt":"2023-05-25T13:00:00","guid":{"rendered":"https:\/\/www.tucomarca.com\/wordpress\/segunda\/?p=186823"},"modified":"2023-05-25T21:36:03","modified_gmt":"2023-05-25T20:36:03","slug":"la-junta-electoral-de-lliria-admet-a-tramit-la-denuncia-presentada-pel-pspv-psoe-i-obliga-lalcalde-de-vilamarxant-a-cancellar-un-acte-per-considerar-lo-electoralista","status":"publish","type":"post","link":"https:\/\/www.tucomarca.com\/wordpress\/segunda\/ca\/la-junta-electoral-de-lliria-admet-a-tramit-la-denuncia-presentada-pel-pspv-psoe-i-obliga-lalcalde-de-vilamarxant-a-cancellar-un-acte-per-considerar-lo-electoralista\/","title":{"rendered":"La Junta Electoral de Ll\u00edria admet a tr\u00e0mit la den\u00fancia presentada pel PSPV-PSOE i obliga l&#8217;alcalde de Vilamarxant a cancel\u00b7lar un acte per considerar-lo electoralista"},"content":{"rendered":"\n<p>L&#8217;alcalde de Vilamarxant, Xavier Jorge Cerd\u00e0, va convocar als propietaris de parcel\u00b7les situades en el pol\u00edgon Enchilagar del Rullo per a promocionar una possible ampliaci\u00f3 de la superf\u00edcie de s\u00f2l per a \u00fas industrial. La carta es va redactar el 9 de maig anunciant la convocat\u00f2ria de la reuni\u00f3 per al 24 de maig de 2023, sabent perfectament que coincidia en plena campanya electoral.<br>La junta ha estimat la den\u00fancia i ha requerit la suspensi\u00f3 de l&#8217;acte.<br>Vist el requeriment, l&#8217;Ajuntament ha publicat en xarxes socials que es posposa la reuni\u00f3 perqu\u00e8 \u201caquest lloc \u00e9s un espai electoral i la Junta Electoral de Zona de Ll\u00edria li ho ha assignat a un partit pol\u00edtic per a celebrar un acte\u201d, obviant el motiu principal pel qual es posposa l&#8217;acte que pretenia ser m\u00e9s que informatiu.<br>La candidata socialista Vicky Sanchis lamenta el continu ab\u00fas dels recursos institucionals per a fins partidistes en el desenvolupament de l&#8217;actual campanya electoral.<\/p>\n\n\n\n<p><\/p>\n","protected":false},"excerpt":{"rendered":"<div class=\"mh-excerpt\">L&#8217;alcalde de Vilamarxant, Xavier Jorge Cerd\u00e0, va convocar als propietaris de parcel\u00b7les situades en el pol\u00edgon Enchilagar del Rullo per a promocionar una possible ampliaci\u00f3 de la superf\u00edcie de s\u00f2l per a \u00fas industrial. La <a class=\"mh-excerpt-more\" href=\"https:\/\/www.tucomarca.com\/wordpress\/segunda\/ca\/la-junta-electoral-de-lliria-admet-a-tramit-la-denuncia-presentada-pel-pspv-psoe-i-obliga-lalcalde-de-vilamarxant-a-cancellar-un-acte-per-considerar-lo-electoralista\/\" title=\"La Junta Electoral de Ll\u00edria admet a tr\u00e0mit la den\u00fancia presentada pel PSPV-PSOE i obliga l&#8217;alcalde de Vilamarxant a cancel\u00b7lar un acte per considerar-lo electoralista\">[+] <\/a><\/div>\n","protected":false},"author":12,"featured_media":132129,"comment_status":"open","ping_status":"open","sticky":false,"template":"","format":"standard","meta":{"footnotes":""},"categories":[10892,10948,10894,10947,10896,10927],"tags":[10899,18842,11090],"class_list":{"0":"post-186823","1":"post","2":"type-post","3":"status-publish","4":"format-standard","5":"has-post-thumbnail","7":"category-camp-de-turia-ca","8":"category-infraestructuras-ca","9":"category-la-comarca-ca","10":"category-politica","11":"category-seccion-ca","12":"category-vilamarxant-ca","13":"tag-camp-de-turia-ca","14":"tag-pspv-psoe-vilamarxant-ca","15":"tag-vilamarxant-ca"},"_links":{"self":[{"href":"https:\/\/www.tucomarca.com\/wordpress\/segunda\/ca\/wp-json\/wp\/v2\/posts\/186823","targetHints":{"allow":["GET"]}}],"collection":[{"href":"https:\/\/www.tucomarca.com\/wordpress\/segunda\/ca\/wp-json\/wp\/v2\/posts"}],"about":[{"href":"https:\/\/www.tucomarca.com\/wordpress\/segunda\/ca\/wp-json\/wp\/v2\/types\/post"}],"author":[{"embeddable":true,"href":"https:\/\/www.tucomarca.com\/wordpress\/segunda\/ca\/wp-json\/wp\/v2\/users\/12"}],"replies":[{"embeddable":true,"href":"https:\/\/www.tucomarca.com\/wordpress\/segunda\/ca\/wp-json\/wp\/v2\/comments?post=186823"}],"version-history":[{"count":0,"href":"https:\/\/www.tucomarca.com\/wordpress\/segunda\/ca\/wp-json\/wp\/v2\/posts\/186823\/revisions"}],"wp:featuredmedia":[{"embeddable":true,"href":"https:\/\/www.tucomarca.com\/wordpress\/segunda\/ca\/wp-json\/wp\/v2\/media\/132129"}],"wp:attachment":[{"href":"https:\/\/www.tucomarca.com\/wordpress\/segunda\/ca\/wp-json\/wp\/v2\/media?parent=186823"}],"wp:term":[{"taxonomy":"category","embeddable":true,"href":"https:\/\/www.tucomarca.com\/wordpress\/segunda\/ca\/wp-json\/wp\/v2\/categories?post=186823"},{"taxonomy":"post_tag","embeddable":true,"href":"https:\/\/www.tucomarca.com\/wordpress\/segunda\/ca\/wp-json\/wp\/v2\/tags?post=186823"}],"curies":[{"name":"wp","href":"https:\/\/api.w.org\/{rel}","templated":true}]}}