{"id":186924,"date":"2023-05-26T09:00:00","date_gmt":"2023-05-26T08:00:00","guid":{"rendered":"https:\/\/www.tucomarca.com\/wordpress\/segunda\/?p=186924"},"modified":"2023-05-26T19:30:13","modified_gmt":"2023-05-26T18:30:13","slug":"la-tempesta-amb-pedra-a-requena-utiel-augmenta-els-danys-en-cultius-agricoles-afectats-per-altres-incidencies","status":"publish","type":"post","link":"https:\/\/www.tucomarca.com\/wordpress\/segunda\/ca\/la-tempesta-amb-pedra-a-requena-utiel-augmenta-els-danys-en-cultius-agricoles-afectats-per-altres-incidencies\/","title":{"rendered":"La tempesta amb pedra a Requena-Utiel augmenta els danys en cultius agr\u00edcoles afectats per altres incid\u00e8ncies"},"content":{"rendered":"\n<p>Sobre les 14,30 hores de la vesprada d&#8217;ahir es va registrar una forta tempesta que va afectar principalment el municipi d&#8217;Utiel. El fenomen atmosf\u00e8ric vi acompanyat d&#8217;abundant calamarsa que va causar greus danys en cultius agr\u00edcoles en una \u00e0mplia zona del municipi d&#8217;Utiel i en la pedania de Cases de Moya en el municipi de Venta del Moro, que encara no s&#8217;han avaluat.<br>El sector agr\u00edcola est\u00e0 patint un c\u00famul d&#8217;incid\u00e8ncies que minvaran considerablement les collites. Entre elles: la sequera, la marchitez fisiol\u00f2gica que est\u00e0 afectant la varietat de ra\u00efm Boval, l&#8217;escarabat del Sudari, les calamarsades i els danys que est\u00e0 causant la fauna silvestre. Informa, <strong>Luis Ib\u00e1\u00f1ez<\/strong>.<\/p>\n\n\n\n<p><\/p>\n","protected":false},"excerpt":{"rendered":"<div class=\"mh-excerpt\">Sobre les 14,30 hores de la vesprada d&#8217;ahir es va registrar una forta tempesta que va afectar principalment el municipi d&#8217;Utiel. El fenomen atmosf\u00e8ric vi acompanyat d&#8217;abundant calamarsa que va causar greus danys en cultius <a class=\"mh-excerpt-more\" href=\"https:\/\/www.tucomarca.com\/wordpress\/segunda\/ca\/la-tempesta-amb-pedra-a-requena-utiel-augmenta-els-danys-en-cultius-agricoles-afectats-per-altres-incidencies\/\" title=\"La tempesta amb pedra a Requena-Utiel augmenta els danys en cultius agr\u00edcoles afectats per altres incid\u00e8ncies\">[+] <\/a><\/div>\n","protected":false},"author":12,"featured_media":161168,"comment_status":"open","ping_status":"open","sticky":false,"template":"","format":"standard","meta":{"footnotes":""},"categories":[10905,10898,10948,10894,10903,10909,10896,11059,11060],"tags":[18720,10910,11174,11709],"class_list":{"0":"post-186924","1":"post","2":"type-post","3":"status-publish","4":"format-standard","5":"has-post-thumbnail","7":"category-agricultura-la-comarca-ca","8":"category-ventana-ca","9":"category-infraestructuras-ca","10":"category-la-comarca-ca","11":"category-medio-ambiente-la-comarca-ca","12":"category-requena-utiel-ca","13":"category-seccion-ca","14":"category-utiel-ca","15":"category-venta-del-moro-ca","16":"tag-casas-de-moya-ca","17":"tag-requena-utiel-ca","18":"tag-utiel-ca","19":"tag-venta-del-moro-ca"},"_links":{"self":[{"href":"https:\/\/www.tucomarca.com\/wordpress\/segunda\/ca\/wp-json\/wp\/v2\/posts\/186924","targetHints":{"allow":["GET"]}}],"collection":[{"href":"https:\/\/www.tucomarca.com\/wordpress\/segunda\/ca\/wp-json\/wp\/v2\/posts"}],"about":[{"href":"https:\/\/www.tucomarca.com\/wordpress\/segunda\/ca\/wp-json\/wp\/v2\/types\/post"}],"author":[{"embeddable":true,"href":"https:\/\/www.tucomarca.com\/wordpress\/segunda\/ca\/wp-json\/wp\/v2\/users\/12"}],"replies":[{"embeddable":true,"href":"https:\/\/www.tucomarca.com\/wordpress\/segunda\/ca\/wp-json\/wp\/v2\/comments?post=186924"}],"version-history":[{"count":0,"href":"https:\/\/www.tucomarca.com\/wordpress\/segunda\/ca\/wp-json\/wp\/v2\/posts\/186924\/revisions"}],"wp:featuredmedia":[{"embeddable":true,"href":"https:\/\/www.tucomarca.com\/wordpress\/segunda\/ca\/wp-json\/wp\/v2\/media\/161168"}],"wp:attachment":[{"href":"https:\/\/www.tucomarca.com\/wordpress\/segunda\/ca\/wp-json\/wp\/v2\/media?parent=186924"}],"wp:term":[{"taxonomy":"category","embeddable":true,"href":"https:\/\/www.tucomarca.com\/wordpress\/segunda\/ca\/wp-json\/wp\/v2\/categories?post=186924"},{"taxonomy":"post_tag","embeddable":true,"href":"https:\/\/www.tucomarca.com\/wordpress\/segunda\/ca\/wp-json\/wp\/v2\/tags?post=186924"}],"curies":[{"name":"wp","href":"https:\/\/api.w.org\/{rel}","templated":true}]}}