{"id":187117,"date":"2023-05-28T20:35:00","date_gmt":"2023-05-28T19:35:00","guid":{"rendered":"https:\/\/www.tucomarca.com\/wordpress\/segunda\/?p=187117"},"modified":"2023-05-29T03:42:54","modified_gmt":"2023-05-29T02:42:54","slug":"bolcada-electoral-a-alboraig-jesus-higon-recupera-lalcaldia-per-al-pp-amb-6-regidors-enfront-de-3-que-ha-obtingut-el-psoe","status":"publish","type":"post","link":"https:\/\/www.tucomarca.com\/wordpress\/segunda\/ca\/bolcada-electoral-a-alboraig-jesus-higon-recupera-lalcaldia-per-al-pp-amb-6-regidors-enfront-de-3-que-ha-obtingut-el-psoe\/","title":{"rendered":"Bolcada electoral a Alboraig: Jes\u00fas Hig\u00f3n recupera l&#8217;alcaldia per al PP amb 6 regidors enfront de 3 que ha obtingut el PSOE"},"content":{"rendered":"\n<p>El Partido Popular, liderado por Jes\u00fas Hig\u00f3n, volver\u00e1 a gobernar en Alborache, ocho a\u00f1os despu\u00e9s, tras vencer en las elecciones municipales de este 28M. <\/p>\n\n\n\n<p>Los populares, liderados por Jes\u00fas Hig\u00f3n, no s\u00f3lo han obtenido un total de 480 votos, una de las m\u00e1s altas de su historia y lo que supone 6 concejales, sino que por unos pocos votos se han quedado a las puertas de obtener otro concejal m\u00e1s. <\/p>\n\n\n\n<p>Mientras que el PSOE, la formaci\u00f3n de la actual alcaldesa, Paqui Collado, ha cosechado 303 sufragios y 3 concejales.<\/p>\n\n\n\n<p>El candidato a la alcald\u00eda por el PP, Jes\u00fas Hig\u00f3n, ha manifestado a <strong>tucomarca.com<\/strong> su &#8220;enorme satisfacci\u00f3n por el gran respaldo que nos ha dado el pueblo al 75% y por esta gran victoria por la elevada cantidad de votos que hemos obtenido, un total de 187 m\u00e1s que el PSOE, lo que supone en un pueblo como Alborache una de las mayores diferencias de nuestra historia que aqu\u00ed no se hab\u00eda visto jam\u00e1s. Una victoria aplastante donde adem\u00e1s hemos rozado los 7 concejales, que por unos pocos no hemos obtenido&#8221;.   <\/p>\n","protected":false},"excerpt":{"rendered":"<div class=\"mh-excerpt\">El Partido Popular, liderado por Jes\u00fas Hig\u00f3n, volver\u00e1 a gobernar en Alborache, ocho a\u00f1os despu\u00e9s, tras vencer en las elecciones municipales de este 28M. Los populares, liderados por Jes\u00fas Hig\u00f3n, no s\u00f3lo han obtenido un <a class=\"mh-excerpt-more\" href=\"https:\/\/www.tucomarca.com\/wordpress\/segunda\/ca\/bolcada-electoral-a-alboraig-jesus-higon-recupera-lalcaldia-per-al-pp-amb-6-regidors-enfront-de-3-que-ha-obtingut-el-psoe\/\" title=\"Bolcada electoral a Alboraig: Jes\u00fas Hig\u00f3n recupera l&#8217;alcaldia per al PP amb 6 regidors enfront de 3 que ha obtingut el PSOE\">[+] <\/a><\/div>\n","protected":false},"author":1,"featured_media":187048,"comment_status":"open","ping_status":"open","sticky":false,"template":"","format":"standard","meta":{"footnotes":""},"categories":[10973,19312,10898,10904,10912],"tags":[11224,10914,11978],"class_list":{"0":"post-187117","1":"post","2":"type-post","3":"status-publish","4":"format-standard","5":"has-post-thumbnail","7":"category-alborache-ca","8":"category-elecciones-28m-ca","9":"category-ventana-ca","10":"category-sin-categorizar-ca","11":"category-la-hoya-ca","12":"tag-alborache-ca","13":"tag-la-hoya-de-bunol-chiva-ca","14":"tag-partido-popular-ca"},"_links":{"self":[{"href":"https:\/\/www.tucomarca.com\/wordpress\/segunda\/ca\/wp-json\/wp\/v2\/posts\/187117","targetHints":{"allow":["GET"]}}],"collection":[{"href":"https:\/\/www.tucomarca.com\/wordpress\/segunda\/ca\/wp-json\/wp\/v2\/posts"}],"about":[{"href":"https:\/\/www.tucomarca.com\/wordpress\/segunda\/ca\/wp-json\/wp\/v2\/types\/post"}],"author":[{"embeddable":true,"href":"https:\/\/www.tucomarca.com\/wordpress\/segunda\/ca\/wp-json\/wp\/v2\/users\/1"}],"replies":[{"embeddable":true,"href":"https:\/\/www.tucomarca.com\/wordpress\/segunda\/ca\/wp-json\/wp\/v2\/comments?post=187117"}],"version-history":[{"count":0,"href":"https:\/\/www.tucomarca.com\/wordpress\/segunda\/ca\/wp-json\/wp\/v2\/posts\/187117\/revisions"}],"wp:featuredmedia":[{"embeddable":true,"href":"https:\/\/www.tucomarca.com\/wordpress\/segunda\/ca\/wp-json\/wp\/v2\/media\/187048"}],"wp:attachment":[{"href":"https:\/\/www.tucomarca.com\/wordpress\/segunda\/ca\/wp-json\/wp\/v2\/media?parent=187117"}],"wp:term":[{"taxonomy":"category","embeddable":true,"href":"https:\/\/www.tucomarca.com\/wordpress\/segunda\/ca\/wp-json\/wp\/v2\/categories?post=187117"},{"taxonomy":"post_tag","embeddable":true,"href":"https:\/\/www.tucomarca.com\/wordpress\/segunda\/ca\/wp-json\/wp\/v2\/tags?post=187117"}],"curies":[{"name":"wp","href":"https:\/\/api.w.org\/{rel}","templated":true}]}}