{"id":187156,"date":"2023-05-28T23:00:00","date_gmt":"2023-05-28T22:00:00","guid":{"rendered":"https:\/\/www.tucomarca.com\/wordpress\/segunda\/?p=187156"},"modified":"2023-05-28T23:53:50","modified_gmt":"2023-05-28T22:53:50","slug":"xbunol-irromp-a-lajuntament-amb-dos-regidors-com-la-primera-forca-progressista-de-la-localitat","status":"publish","type":"post","link":"https:\/\/www.tucomarca.com\/wordpress\/segunda\/ca\/xbunol-irromp-a-lajuntament-amb-dos-regidors-com-la-primera-forca-progressista-de-la-localitat\/","title":{"rendered":"&#8220;XBu\u00f1ol irromp a l&#8217;Ajuntament amb dos regidors com la primera for\u00e7a progressista de la localitat&#8221;"},"content":{"rendered":"\n<h4 class=\"wp-block-heading\">La agrupaci\u00f3n XBu\u00f1ol consigue representaci\u00f3n en el gobierno municipal<\/h4>\n\n\n\n<p>&#8220;Con el recuento finalizado y los colegios electorales cerrados, la agrupaci\u00f3n XBu\u00f1ol da la sorpresa de la noche electoral y logra 2 concejales en sus primeras elecciones y, de esta forma, ha conseguido irrumpir en el gobierno municipal de cara a la pr\u00f3xima legislatura, como primera fuerza progresista del municipio&#8221;, tal como han hecho constar en una nota de prensa emitida por la formaci\u00f3n.&nbsp;<\/p>\n\n\n\n<p>&#8220;Esta agrupaci\u00f3n, que ha iniciado su trayectoria pol\u00edtica apenas hace unos meses, ha llegado a la poblaci\u00f3n de Bu\u00f1ol hasta tal punto de conseguir dos concejales en sus primeras elecciones&#8221;. Ante esta situaci\u00f3n, desde xBu\u00f1ol han querido &#8220;agradecer a todas las personas que han depositado su confianza en nuestro equipo, para traer el cambio de Bu\u00f1ol&#8221;.&nbsp;<\/p>\n\n\n\n<p>En este sentido, desde XBu\u00f1ol ha querido mostrar su &#8220;agradecimiento por todas las propuestas que hemos conseguido sumar tras escuchar a las personas que viven en nuestro pueblo y que ahora pueden hacerse realidad&#8221;, comentaban, al mismo tiempo que dejaban claro &#8220;que ahora vamos a hacer todo lo que est\u00e9 en nuestra mano por conseguir aquello que creemos que debe cambiar para conseguir mayor bienestar y m\u00e1s oportunidades para nuestro pueblo&#8221;, sentenciaban desde la agrupaci\u00f3n.&nbsp;<\/p>\n\n\n\n<p>&#8220;As\u00ed pues, las personas que forman parte del equipo se muestran optimistas y con ilusi\u00f3n de cara a esta legislatura que empieza, pues se ha visto reflejado que Bu\u00f1ol merece un cambio en la gesti\u00f3n, y la gente ha dejado claro que nosotros somos la primera alternativa de progreso&#8221;, dec\u00edan agradecidos y con emoci\u00f3n desde XBu\u00f1ol.<\/p>\n\n\n\n<figure class=\"wp-block-image size-full is-resized\"><img loading=\"lazy\" decoding=\"async\" src=\"http:\/\/www.tucomarca.com\/wordpress\/segunda\/wp-content\/uploads\/2023\/05\/XBunol.jpg\" alt=\"\" class=\"wp-image-187152\" width=\"428\" height=\"428\" srcset=\"https:\/\/www.tucomarca.com\/wordpress\/segunda\/wp-content\/uploads\/2023\/05\/XBunol.jpg 886w, https:\/\/www.tucomarca.com\/wordpress\/segunda\/wp-content\/uploads\/2023\/05\/XBunol-300x300.jpg 300w, https:\/\/www.tucomarca.com\/wordpress\/segunda\/wp-content\/uploads\/2023\/05\/XBunol-290x290.jpg 290w, https:\/\/www.tucomarca.com\/wordpress\/segunda\/wp-content\/uploads\/2023\/05\/XBunol-768x768.jpg 768w\" sizes=\"auto, (max-width: 428px) 100vw, 428px\" \/><\/figure>\n","protected":false},"excerpt":{"rendered":"<div class=\"mh-excerpt\">La agrupaci\u00f3n XBu\u00f1ol consigue representaci\u00f3n en el gobierno municipal &#8220;Con el recuento finalizado y los colegios electorales cerrados, la agrupaci\u00f3n XBu\u00f1ol da la sorpresa de la noche electoral y logra 2 concejales en sus primeras <a class=\"mh-excerpt-more\" href=\"https:\/\/www.tucomarca.com\/wordpress\/segunda\/ca\/xbunol-irromp-a-lajuntament-amb-dos-regidors-com-la-primera-forca-progressista-de-la-localitat\/\" title=\"&#8220;XBu\u00f1ol irromp a l&#8217;Ajuntament amb dos regidors com la primera for\u00e7a progressista de la localitat&#8221;\">[+] <\/a><\/div>\n","protected":false},"author":12,"featured_media":187151,"comment_status":"open","ping_status":"open","sticky":false,"template":"","format":"standard","meta":{"footnotes":""},"categories":[10911,19312,10898,10948,10894,10904,10912,10947,10896],"tags":[19308,10913,10914,18844],"class_list":{"0":"post-187156","1":"post","2":"type-post","3":"status-publish","4":"format-standard","5":"has-post-thumbnail","7":"category-bunol-ca","8":"category-elecciones-28m-ca","9":"category-ventana-ca","10":"category-infraestructuras-ca","11":"category-la-comarca-ca","12":"category-sin-categorizar-ca","13":"category-la-hoya-ca","14":"category-politica","15":"category-seccion-ca","16":"tag-28m-2-ca","17":"tag-bunol-ca","18":"tag-la-hoya-de-bunol-chiva-ca","19":"tag-xbunol-ca"},"_links":{"self":[{"href":"https:\/\/www.tucomarca.com\/wordpress\/segunda\/ca\/wp-json\/wp\/v2\/posts\/187156","targetHints":{"allow":["GET"]}}],"collection":[{"href":"https:\/\/www.tucomarca.com\/wordpress\/segunda\/ca\/wp-json\/wp\/v2\/posts"}],"about":[{"href":"https:\/\/www.tucomarca.com\/wordpress\/segunda\/ca\/wp-json\/wp\/v2\/types\/post"}],"author":[{"embeddable":true,"href":"https:\/\/www.tucomarca.com\/wordpress\/segunda\/ca\/wp-json\/wp\/v2\/users\/12"}],"replies":[{"embeddable":true,"href":"https:\/\/www.tucomarca.com\/wordpress\/segunda\/ca\/wp-json\/wp\/v2\/comments?post=187156"}],"version-history":[{"count":0,"href":"https:\/\/www.tucomarca.com\/wordpress\/segunda\/ca\/wp-json\/wp\/v2\/posts\/187156\/revisions"}],"wp:featuredmedia":[{"embeddable":true,"href":"https:\/\/www.tucomarca.com\/wordpress\/segunda\/ca\/wp-json\/wp\/v2\/media\/187151"}],"wp:attachment":[{"href":"https:\/\/www.tucomarca.com\/wordpress\/segunda\/ca\/wp-json\/wp\/v2\/media?parent=187156"}],"wp:term":[{"taxonomy":"category","embeddable":true,"href":"https:\/\/www.tucomarca.com\/wordpress\/segunda\/ca\/wp-json\/wp\/v2\/categories?post=187156"},{"taxonomy":"post_tag","embeddable":true,"href":"https:\/\/www.tucomarca.com\/wordpress\/segunda\/ca\/wp-json\/wp\/v2\/tags?post=187156"}],"curies":[{"name":"wp","href":"https:\/\/api.w.org\/{rel}","templated":true}]}}