{"id":187187,"date":"2023-05-28T19:57:00","date_gmt":"2023-05-28T18:57:00","guid":{"rendered":"https:\/\/www.tucomarca.com\/wordpress\/segunda\/?p=187187"},"modified":"2023-05-29T01:26:40","modified_gmt":"2023-05-29T00:26:40","slug":"amparo-fort-pp-gana-les-eleccions-a-xiva-encara-que-un-govern-estable-dependra-del-pacte-entre-diverses-de-les-7-formacions-amb-representacio","status":"publish","type":"post","link":"https:\/\/www.tucomarca.com\/wordpress\/segunda\/ca\/amparo-fort-pp-gana-les-eleccions-a-xiva-encara-que-un-govern-estable-dependra-del-pacte-entre-diverses-de-les-7-formacions-amb-representacio\/","title":{"rendered":"Amparo Fort (PP) gana les eleccions a Xiva encara que un govern estable dependr\u00e0 del pacte entre diverses de les 7 formacions amb representaci\u00f3"},"content":{"rendered":"\n<p>Hasta siete formaciones pol\u00edticas han conseguido representaci\u00f3n municipal en estas elecciones  del 28M en Chiva. De todas, el Partido Popular que encabeza Amparo Fort ha sido la candidatura m\u00e1s votada con un total de 2.146 sufragios (25,54%) que le han otorgado seis concejales, aunque lejos de la mayor\u00eda absoluta que est\u00e1 en 9 ediles, por lo que se necesitar\u00e1n pactos entre varias formaciones para conformar un gobierno estable. <\/p>\n\n\n\n<p>La segunda formaci\u00f3n en votos ha sido el Partido Socialista con 1.356 (16,14%) y tres ediles; seguida de Activa Chiva con 977 votos (11,62%) y 2 concejales; de ADUC con 850 votos (10,11%) y dos concejales; de Comprom\u00eds con 836 votos (9,95%); VOX con 701 sufragios (8,34%) y un concejal; y finalmente Vinchi con un concejal gracias a sus 645 votos (8,34%).<\/p>\n","protected":false},"excerpt":{"rendered":"<div class=\"mh-excerpt\">Hasta siete formaciones pol\u00edticas han conseguido representaci\u00f3n municipal en estas elecciones del 28M en Chiva. De todas, el Partido Popular que encabeza Amparo Fort ha sido la candidatura m\u00e1s votada con un total de 2.146 <a class=\"mh-excerpt-more\" href=\"https:\/\/www.tucomarca.com\/wordpress\/segunda\/ca\/amparo-fort-pp-gana-les-eleccions-a-xiva-encara-que-un-govern-estable-dependra-del-pacte-entre-diverses-de-les-7-formacions-amb-representacio\/\" title=\"Amparo Fort (PP) gana les eleccions a Xiva encara que un govern estable dependr\u00e0 del pacte entre diverses de les 7 formacions amb representaci\u00f3\">[+] <\/a><\/div>\n","protected":false},"author":1,"featured_media":187095,"comment_status":"open","ping_status":"open","sticky":false,"template":"","format":"standard","meta":{"footnotes":""},"categories":[19312,10898,10948,10894,10904,10912,10947,10896,10975],"tags":[11195,18828,10914,11978,11344],"class_list":{"0":"post-187187","1":"post","2":"type-post","3":"status-publish","4":"format-standard","5":"has-post-thumbnail","7":"category-elecciones-28m-ca","8":"category-ventana-ca","9":"category-infraestructuras-ca","10":"category-la-comarca-ca","11":"category-sin-categorizar-ca","12":"category-la-hoya-ca","13":"category-politica","14":"category-seccion-ca","15":"category-chiva-ca","16":"tag-chiva-ca","17":"tag-elecciones-municipales-2023-ca","18":"tag-la-hoya-de-bunol-chiva-ca","19":"tag-partido-popular-ca","20":"tag-pp-ca"},"_links":{"self":[{"href":"https:\/\/www.tucomarca.com\/wordpress\/segunda\/ca\/wp-json\/wp\/v2\/posts\/187187","targetHints":{"allow":["GET"]}}],"collection":[{"href":"https:\/\/www.tucomarca.com\/wordpress\/segunda\/ca\/wp-json\/wp\/v2\/posts"}],"about":[{"href":"https:\/\/www.tucomarca.com\/wordpress\/segunda\/ca\/wp-json\/wp\/v2\/types\/post"}],"author":[{"embeddable":true,"href":"https:\/\/www.tucomarca.com\/wordpress\/segunda\/ca\/wp-json\/wp\/v2\/users\/1"}],"replies":[{"embeddable":true,"href":"https:\/\/www.tucomarca.com\/wordpress\/segunda\/ca\/wp-json\/wp\/v2\/comments?post=187187"}],"version-history":[{"count":0,"href":"https:\/\/www.tucomarca.com\/wordpress\/segunda\/ca\/wp-json\/wp\/v2\/posts\/187187\/revisions"}],"wp:featuredmedia":[{"embeddable":true,"href":"https:\/\/www.tucomarca.com\/wordpress\/segunda\/ca\/wp-json\/wp\/v2\/media\/187095"}],"wp:attachment":[{"href":"https:\/\/www.tucomarca.com\/wordpress\/segunda\/ca\/wp-json\/wp\/v2\/media?parent=187187"}],"wp:term":[{"taxonomy":"category","embeddable":true,"href":"https:\/\/www.tucomarca.com\/wordpress\/segunda\/ca\/wp-json\/wp\/v2\/categories?post=187187"},{"taxonomy":"post_tag","embeddable":true,"href":"https:\/\/www.tucomarca.com\/wordpress\/segunda\/ca\/wp-json\/wp\/v2\/tags?post=187187"}],"curies":[{"name":"wp","href":"https:\/\/api.w.org\/{rel}","templated":true}]}}