{"id":187374,"date":"2023-05-30T12:00:00","date_gmt":"2023-05-30T11:00:00","guid":{"rendered":"https:\/\/www.tucomarca.com\/wordpress\/segunda\/?p=187374"},"modified":"2023-05-30T18:11:05","modified_gmt":"2023-05-30T17:11:05","slug":"la-regidoria-de-mitjans-de-comunicacio-de-lajuntament-de-bunyol-posa-en-marxa-un-nou-servei-de-megafonia-en-la-localitat","status":"publish","type":"post","link":"https:\/\/www.tucomarca.com\/wordpress\/segunda\/ca\/la-regidoria-de-mitjans-de-comunicacio-de-lajuntament-de-bunyol-posa-en-marxa-un-nou-servei-de-megafonia-en-la-localitat\/","title":{"rendered":"La regidoria de Mitjans de comunicaci\u00f3 de l&#8217;Ajuntament de Bunyol posa en marxa un nou servei de megafonia en la localitat"},"content":{"rendered":"\n<p>La regidoria de Mitjans de comunicaci\u00f3 de l&#8217;Ajuntament de Bunyol ha posat en marxa un nou servei de Megafonia en la poblaci\u00f3. De moment hi ha dos punts, des d&#8217;on podr\u00e0 escoltar-ho gran part de la poblaci\u00f3. El punt central des d&#8217;on es graven els missatges i es llancen est\u00e0 en les instal\u00b7lacions de R\u00e0dio Bunyol TV, al Carrer Luis Vives, 19. El seg\u00fcent punt est\u00e0 en la Pla\u00e7a de la Diputaci\u00f3. Es pret\u00e9n augmentar els llocs des d&#8217;on puga escoltar-se i arribar a tota la poblaci\u00f3.<br>Pretenen llan\u00e7ar-se missatges curts, importants i rellevants per a la ciutadania a diferents hores. Manuel Sierra, regidor del ram en funcions assegura que el comptar amb una megafonia digital permet programar els missatges els moments i dies que es vulga dir i fins i tot anar modif\u00edc\u00e1ndolos si la situaci\u00f3 canvia. \u201cSi alguna associaci\u00f3 o col\u00b7lectiu ciutad\u00e0 desitja llan\u00e7ar un missatge a la ciutadania perqu\u00e8 siga escoltat per tots els ve\u00efns tan sols ha d&#8217;enviar un correu electr\u00f2nic a R\u00e0dio Bunyol, deixant const\u00e0ncia de les vegades que es desitja difondre el missatge, aix\u00ed com els dies i freq\u00fc\u00e8ncies hor\u00e0ries. El correu electr\u00f2nica d&#8217;aquesta r\u00e0dio municipal \u00e9s radiobunyol@gmail.com\u201d.&nbsp;<br>De moment aquest servei es troba en proves. L&#8217;edil del ram en funcions confirma que aquest servei ha passat concurs p\u00fablic per a la contractaci\u00f3 del subministrament i que era un projecte que es va presentar en les comissions informatives. \u201c\u00c9s una eina informativa m\u00e9s que s&#8217;uneix a l&#8217;\u00e0mplia labor que des de R\u00e0dio Bunyol s&#8217;est\u00e0 duent a terme des d&#8217;aquesta legislatura amb el canal de WhatsApp, les xarxes socials, els v\u00eddeos de Youtube i tots els informatius\u201d, va confirmar Sierra.<br>Encara que fa uns anys funcionava la megafonia tradicional, va deixar de fer-ho i ara es compta amb una megafonia digital que tracta d&#8217;informar a tota la ciutadania i oferir un altre canal de comunicaci\u00f3 m\u00e9s. De moment est\u00e0 en dos punts, per\u00f2 aniran augmentant. Manuel Sierra assegura que aquest nou servei posat ara en marxa \u00e9s una cosa molt positiva, \u201ci espere que la pr\u00f2xima legislatura la nova corporaci\u00f3 aposten per aix\u00f2 i fins i tot la milloren perqu\u00e8 tots els ve\u00efns puguen tindre un gran nombre de canals informatius tant tradicionals com digitals\u201d, va finalitzar el regidor bu\u00f1olense en funcions.&nbsp;<br>L&#8217;equip del sistema de megafonia compta amb una central de megafonia digital amb comunicaci\u00f3 3G, un punt d&#8217;emissi\u00f3 digital 3G format per amplificador digital de 120w, node de comunicacions, 4 altaveus exponencials i caixa contenidora d&#8217;equips. El pressupost del contracte es fixa per 14.685,77 euros IVA incl\u00f2s. Comprovada la documentaci\u00f3 d&#8217;aptitud al licitador que ha presentat l&#8217;oferta m\u00e9s avantatjosa s&#8217;adjudica el contracte administratiu a l&#8217;empresa Estimara Megafonia CCTV Veu Dades S.L. per un preu de 13.475,77 euros IVA incl\u00f2s.<\/p>\n\n\n\n<p><\/p>\n","protected":false},"excerpt":{"rendered":"<div class=\"mh-excerpt\">La regidoria de Mitjans de comunicaci\u00f3 de l&#8217;Ajuntament de Bunyol ha posat en marxa un nou servei de Megafonia en la poblaci\u00f3. De moment hi ha dos punts, des d&#8217;on podr\u00e0 escoltar-ho gran part de <a class=\"mh-excerpt-more\" href=\"https:\/\/www.tucomarca.com\/wordpress\/segunda\/ca\/la-regidoria-de-mitjans-de-comunicacio-de-lajuntament-de-bunyol-posa-en-marxa-un-nou-servei-de-megafonia-en-la-localitat\/\" title=\"La regidoria de Mitjans de comunicaci\u00f3 de l&#8217;Ajuntament de Bunyol posa en marxa un nou servei de megafonia en la localitat\">[+] <\/a><\/div>\n","protected":false},"author":12,"featured_media":187373,"comment_status":"open","ping_status":"open","sticky":false,"template":"","format":"standard","meta":{"footnotes":""},"categories":[10911,10948,10894,10912,10947,10896],"tags":[10913,10914,19317],"class_list":{"0":"post-187374","1":"post","2":"type-post","3":"status-publish","4":"format-standard","5":"has-post-thumbnail","7":"category-bunol-ca","8":"category-infraestructuras-ca","9":"category-la-comarca-ca","10":"category-la-hoya-ca","11":"category-politica","12":"category-seccion-ca","13":"tag-bunol-ca","14":"tag-la-hoya-de-bunol-chiva-ca","15":"tag-megafonia-ca"},"_links":{"self":[{"href":"https:\/\/www.tucomarca.com\/wordpress\/segunda\/ca\/wp-json\/wp\/v2\/posts\/187374","targetHints":{"allow":["GET"]}}],"collection":[{"href":"https:\/\/www.tucomarca.com\/wordpress\/segunda\/ca\/wp-json\/wp\/v2\/posts"}],"about":[{"href":"https:\/\/www.tucomarca.com\/wordpress\/segunda\/ca\/wp-json\/wp\/v2\/types\/post"}],"author":[{"embeddable":true,"href":"https:\/\/www.tucomarca.com\/wordpress\/segunda\/ca\/wp-json\/wp\/v2\/users\/12"}],"replies":[{"embeddable":true,"href":"https:\/\/www.tucomarca.com\/wordpress\/segunda\/ca\/wp-json\/wp\/v2\/comments?post=187374"}],"version-history":[{"count":0,"href":"https:\/\/www.tucomarca.com\/wordpress\/segunda\/ca\/wp-json\/wp\/v2\/posts\/187374\/revisions"}],"wp:featuredmedia":[{"embeddable":true,"href":"https:\/\/www.tucomarca.com\/wordpress\/segunda\/ca\/wp-json\/wp\/v2\/media\/187373"}],"wp:attachment":[{"href":"https:\/\/www.tucomarca.com\/wordpress\/segunda\/ca\/wp-json\/wp\/v2\/media?parent=187374"}],"wp:term":[{"taxonomy":"category","embeddable":true,"href":"https:\/\/www.tucomarca.com\/wordpress\/segunda\/ca\/wp-json\/wp\/v2\/categories?post=187374"},{"taxonomy":"post_tag","embeddable":true,"href":"https:\/\/www.tucomarca.com\/wordpress\/segunda\/ca\/wp-json\/wp\/v2\/tags?post=187374"}],"curies":[{"name":"wp","href":"https:\/\/api.w.org\/{rel}","templated":true}]}}