{"id":187390,"date":"2023-05-30T12:35:00","date_gmt":"2023-05-30T11:35:00","guid":{"rendered":"https:\/\/www.tucomarca.com\/wordpress\/segunda\/?p=187390"},"modified":"2023-05-30T18:23:26","modified_gmt":"2023-05-30T17:23:26","slug":"el-cicle-musica-a-la-primavera-porta-al-cor-de-cambra-amalthea-a-xest","status":"publish","type":"post","link":"https:\/\/www.tucomarca.com\/wordpress\/segunda\/ca\/el-cicle-musica-a-la-primavera-porta-al-cor-de-cambra-amalthea-a-xest\/","title":{"rendered":"El cicle M\u00fasica a la primavera porta al Cor de cambra Amalthea a Xest"},"content":{"rendered":"\n<p>Dissabte passat, 27 de maig, el Teatre Liceu va acollir el quart concert del cicle M\u00fasica a la primavera, oferit pel Cor de cambra Amathea que, sota la direcci\u00f3 de Marta M\u00e1rmol, va interpretar Ein Deutsches Requiem, de Johannes Brahms. El concert va comptar amb la soprano solista Aurora Pe\u00f1a i el bar\u00edton solista Sebasti\u00e0 Peris; amb Onofre Serer a la percussi\u00f3, i Fernando Taberner i Diego S\u00e1nchez al piano a quatre mans.&nbsp;<\/p>\n\n\n\n<p>\u201cHui tenim un concert molt especial i molt dif\u00edcil, el R\u00e8quiem alemany de Brahms, de la m\u00e0 del Cor de cambra Amalthea, fundat a Val\u00e8ncia en 1989. Aquesta coral ha portat la m\u00fasica de cambra per tot el territori, incloent gires per Espanya i Holanda, entre altres pa\u00efsos, i m\u00e9s recentment a Hongria. Ha realitzat \u00f2peres molt importants, ha participat en diferents produccions dels Arts de molt alt nivell i ha sigut guardonada en diferents ocasions. El seu actual directora, Marta M\u00e1rmol, t\u00e9 un gran traject\u00f2ria com a directora i cantant, i la coneixem molt b\u00e9, ja que tamb\u00e9 dirigeix la coral Cant\u00e1bile de Xest i les corals d&#8217;altres municipis pr\u00f2xims com Xiva, Tor\u00eds o Macastre\u201d, introdu\u00efa la regidora de Cultura, M\u00aa \u00c1ngeles Llorente. \u201cAquest mes de maig es compleixen 190 anys del naixement d&#8217;un dels compositors m\u00e9s importants del Romanticisme i per tant de la m\u00fasica cl\u00e0ssica, Johannes Brahms, i el Cor de cambra Amalthea el vol celebrar interpretant uns dels s\u00edmbols art\u00edstics amb text sacre m\u00e9s important que ha donat la hist\u00f2ria de la m\u00fasica; no \u00e9s una missa de r\u00e8quiem llatina a l&#8217;\u00fas, els textos s\u00f3n triats lliurement per Brahms de la b\u00edblia alemanya tradu\u00efda per Luter, i amb aix\u00f2 va voler realitzar una reflexi\u00f3 sobre la vida i la mort\u201d.<\/p>\n\n\n\n<p>L&#8217;espectacle va rebre el reconeixement del p\u00fablic, que va omplir gran part del pati de butaques.<\/p>\n\n\n\n<p><\/p>\n","protected":false},"excerpt":{"rendered":"<div class=\"mh-excerpt\">Dissabte passat, 27 de maig, el Teatre Liceu va acollir el quart concert del cicle M\u00fasica a la primavera, oferit pel Cor de cambra Amathea que, sota la direcci\u00f3 de Marta M\u00e1rmol, va interpretar Ein <a class=\"mh-excerpt-more\" href=\"https:\/\/www.tucomarca.com\/wordpress\/segunda\/ca\/el-cicle-musica-a-la-primavera-porta-al-cor-de-cambra-amalthea-a-xest\/\" title=\"El cicle M\u00fasica a la primavera porta al Cor de cambra Amalthea a Xest\">[+] <\/a><\/div>\n","protected":false},"author":12,"featured_media":187387,"comment_status":"open","ping_status":"open","sticky":false,"template":"","format":"standard","meta":{"footnotes":""},"categories":[11005,10894,10912,11007,10896,10974],"tags":[11071,14507,10914],"class_list":{"0":"post-187390","1":"post","2":"type-post","3":"status-publish","4":"format-standard","5":"has-post-thumbnail","7":"category-canal-musica","8":"category-la-comarca-ca","9":"category-la-hoya-ca","10":"category-ocio-y-cultura-ca","11":"category-seccion-ca","12":"category-cheste-ca","13":"tag-cheste","14":"tag-ciclo-musica-en-primavera-ca","15":"tag-la-hoya-de-bunol-chiva-ca"},"_links":{"self":[{"href":"https:\/\/www.tucomarca.com\/wordpress\/segunda\/ca\/wp-json\/wp\/v2\/posts\/187390","targetHints":{"allow":["GET"]}}],"collection":[{"href":"https:\/\/www.tucomarca.com\/wordpress\/segunda\/ca\/wp-json\/wp\/v2\/posts"}],"about":[{"href":"https:\/\/www.tucomarca.com\/wordpress\/segunda\/ca\/wp-json\/wp\/v2\/types\/post"}],"author":[{"embeddable":true,"href":"https:\/\/www.tucomarca.com\/wordpress\/segunda\/ca\/wp-json\/wp\/v2\/users\/12"}],"replies":[{"embeddable":true,"href":"https:\/\/www.tucomarca.com\/wordpress\/segunda\/ca\/wp-json\/wp\/v2\/comments?post=187390"}],"version-history":[{"count":0,"href":"https:\/\/www.tucomarca.com\/wordpress\/segunda\/ca\/wp-json\/wp\/v2\/posts\/187390\/revisions"}],"wp:featuredmedia":[{"embeddable":true,"href":"https:\/\/www.tucomarca.com\/wordpress\/segunda\/ca\/wp-json\/wp\/v2\/media\/187387"}],"wp:attachment":[{"href":"https:\/\/www.tucomarca.com\/wordpress\/segunda\/ca\/wp-json\/wp\/v2\/media?parent=187390"}],"wp:term":[{"taxonomy":"category","embeddable":true,"href":"https:\/\/www.tucomarca.com\/wordpress\/segunda\/ca\/wp-json\/wp\/v2\/categories?post=187390"},{"taxonomy":"post_tag","embeddable":true,"href":"https:\/\/www.tucomarca.com\/wordpress\/segunda\/ca\/wp-json\/wp\/v2\/tags?post=187390"}],"curies":[{"name":"wp","href":"https:\/\/api.w.org\/{rel}","templated":true}]}}