{"id":187420,"date":"2023-05-30T12:15:00","date_gmt":"2023-05-30T11:15:00","guid":{"rendered":"https:\/\/www.tucomarca.com\/wordpress\/segunda\/?p=187420"},"modified":"2023-05-30T21:23:25","modified_gmt":"2023-05-30T20:23:25","slug":"la-unitat-de-prevencio-comunitaria-de-conductes-addictives-de-bunyol-posa-en-marxa-una-campanya-de-conscienciacio-i-sensibilitzacio-per-a-la-poblacio-pel-dia-mundial-sense-tabac","status":"publish","type":"post","link":"https:\/\/www.tucomarca.com\/wordpress\/segunda\/ca\/la-unitat-de-prevencio-comunitaria-de-conductes-addictives-de-bunyol-posa-en-marxa-una-campanya-de-conscienciacio-i-sensibilitzacio-per-a-la-poblacio-pel-dia-mundial-sense-tabac\/","title":{"rendered":"La Unitat de Prevenci\u00f3 Comunit\u00e0ria de Conductes Addictives de Bunyol posa en marxa una campanya de conscienciaci\u00f3 i sensibilitzaci\u00f3 per a la poblaci\u00f3 pel Dia Mundial sense Tabac"},"content":{"rendered":"\n<h4 class=\"wp-block-heading\">Les UPCCAs en Xarxa de la Comunitat Valenciana inicien la campanya de conscienciaci\u00f3 i sensibilitzaci\u00f3 per al 31 de maig, Dia Mundial sense tabac, amb el lema \u201cM\u00e9s sentit com\u00fa, menys tabac\u201d, aquest dia \u00e9s proposat l&#8217;any 1987 per l&#8217;Organitzaci\u00f3 Mundial de la Salut (OMS).&nbsp;<\/h4>\n\n\n\n<figure class=\"wp-block-gallery has-nested-images columns-default is-cropped wp-block-gallery-1 is-layout-flex wp-block-gallery-is-layout-flex\">\n<figure class=\"wp-block-image size-large\"><img loading=\"lazy\" decoding=\"async\" width=\"1131\" height=\"1600\" data-id=\"187405\" src=\"http:\/\/www.tucomarca.com\/wordpress\/segunda\/wp-content\/uploads\/2023\/05\/UPCCA_tabaco1.jpeg\" alt=\"\" class=\"wp-image-187405\" srcset=\"https:\/\/www.tucomarca.com\/wordpress\/segunda\/wp-content\/uploads\/2023\/05\/UPCCA_tabaco1.jpeg 1131w, https:\/\/www.tucomarca.com\/wordpress\/segunda\/wp-content\/uploads\/2023\/05\/UPCCA_tabaco1-212x300.jpeg 212w, https:\/\/www.tucomarca.com\/wordpress\/segunda\/wp-content\/uploads\/2023\/05\/UPCCA_tabaco1-724x1024.jpeg 724w, https:\/\/www.tucomarca.com\/wordpress\/segunda\/wp-content\/uploads\/2023\/05\/UPCCA_tabaco1-768x1086.jpeg 768w, https:\/\/www.tucomarca.com\/wordpress\/segunda\/wp-content\/uploads\/2023\/05\/UPCCA_tabaco1-1086x1536.jpeg 1086w\" sizes=\"auto, (max-width: 1131px) 100vw, 1131px\" \/><\/figure>\n\n\n\n<figure class=\"wp-block-image size-large\"><img loading=\"lazy\" decoding=\"async\" width=\"1131\" height=\"1600\" data-id=\"187407\" src=\"http:\/\/www.tucomarca.com\/wordpress\/segunda\/wp-content\/uploads\/2023\/05\/UPCCA_tabaco2.jpeg\" alt=\"\" class=\"wp-image-187407\" srcset=\"https:\/\/www.tucomarca.com\/wordpress\/segunda\/wp-content\/uploads\/2023\/05\/UPCCA_tabaco2.jpeg 1131w, https:\/\/www.tucomarca.com\/wordpress\/segunda\/wp-content\/uploads\/2023\/05\/UPCCA_tabaco2-212x300.jpeg 212w, https:\/\/www.tucomarca.com\/wordpress\/segunda\/wp-content\/uploads\/2023\/05\/UPCCA_tabaco2-724x1024.jpeg 724w, https:\/\/www.tucomarca.com\/wordpress\/segunda\/wp-content\/uploads\/2023\/05\/UPCCA_tabaco2-768x1086.jpeg 768w, https:\/\/www.tucomarca.com\/wordpress\/segunda\/wp-content\/uploads\/2023\/05\/UPCCA_tabaco2-1086x1536.jpeg 1086w\" sizes=\"auto, (max-width: 1131px) 100vw, 1131px\" \/><\/figure>\n\n\n\n<figure class=\"wp-block-image size-large\"><img loading=\"lazy\" decoding=\"async\" width=\"1131\" height=\"1600\" data-id=\"187411\" src=\"http:\/\/www.tucomarca.com\/wordpress\/segunda\/wp-content\/uploads\/2023\/05\/UPCCA_tabaco4.jpeg\" alt=\"\" class=\"wp-image-187411\" srcset=\"https:\/\/www.tucomarca.com\/wordpress\/segunda\/wp-content\/uploads\/2023\/05\/UPCCA_tabaco4.jpeg 1131w, https:\/\/www.tucomarca.com\/wordpress\/segunda\/wp-content\/uploads\/2023\/05\/UPCCA_tabaco4-212x300.jpeg 212w, https:\/\/www.tucomarca.com\/wordpress\/segunda\/wp-content\/uploads\/2023\/05\/UPCCA_tabaco4-724x1024.jpeg 724w, https:\/\/www.tucomarca.com\/wordpress\/segunda\/wp-content\/uploads\/2023\/05\/UPCCA_tabaco4-768x1086.jpeg 768w, https:\/\/www.tucomarca.com\/wordpress\/segunda\/wp-content\/uploads\/2023\/05\/UPCCA_tabaco4-1086x1536.jpeg 1086w\" sizes=\"auto, (max-width: 1131px) 100vw, 1131px\" \/><\/figure>\n<\/figure>\n\n\n\n<p>La campanya t\u00e9 com a objectiu sensibilitzar i conscienciar sobre els efectes nocius i letals del consum de tabac i l&#8217;exposici\u00f3 passiva al fum d&#8217;aquesta subst\u00e0ncia.<br>Tamb\u00e9 concorde a la campanya de l&#8217;OMS del 2023 pret\u00e9n animar als governs a posar fi a les subvencions al cultiu de tabac i utilitzar els recursos estalviats per a ajudar els agricultors a canviar a cultius m\u00e9s sostenibles que milloren la seguretat aliment\u00e0ria i la nutrici\u00f3. La campanya comunit\u00e0ria es desenvolupa a trav\u00e9s de les xarxes socials enfocant-se a desmuntar idees irracionals o contradiccions que la majoria de persones fumadores i persones que comencen a fumar tenen sobre el tabac.<br>La campanya consta de:<\/p>\n\n\n\n<ul class=\"wp-block-list\"><li>Difusi\u00f3 de p\u00edndoles informatives i c\u00e0rtels en les xarxes socials.<\/li><li>Una nota de premsa per a ressaltar la import\u00e0ncia d&#8217;aquest dia per a previndre els riscos del tabac.<\/li><\/ul>\n\n\n\n<p>L&#8217;OMS ha revelat que el tabac danya tant el medi ambient com la salut humana, ja que cada any la ind\u00fastria tabaquera costa al m\u00f3n m\u00e9s de 8 milions de vides humanes, 600 milions d&#8217;arbres, 200.000 hect\u00e0rees de terra i 22.000 milions de tones d&#8217;aigua i genera 84 milions de tones de CO\u2082. La major part del tabac es cultiva en pa\u00efsos d&#8217;ingressos baixos i mitjans, en els quals sovint es necessiten desesperadament aigua i terres de cultiu per a produir aliments per a la regi\u00f3. En lloc d&#8217;aix\u00f2, s&#8217;estan utilitzant per a cultivar plantes de tabac letals que, al mateix temps, fan que la desforestaci\u00f3 augmente cada dia.<br>Els productes com els cigarrets, el tabac sense fum i els cigarrets electr\u00f2nics tamb\u00e9 contribueixen a l&#8217;acumulaci\u00f3 de contaminaci\u00f3 pl\u00e0stica. Els filtres dels cigarrets contenen micropl\u00e0stics i constitueixen la segona forma de contaminaci\u00f3 pl\u00e0stica m\u00e9s important a tot el m\u00f3n.<br>La reducci\u00f3 del tabac va lligada a una millora de la salut humana i la salut del medi ambient, \u00e9s necess\u00e0ria.<\/p>\n","protected":false},"excerpt":{"rendered":"<div class=\"mh-excerpt\">Les UPCCAs en Xarxa de la Comunitat Valenciana inicien la campanya de conscienciaci\u00f3 i sensibilitzaci\u00f3 per al 31 de maig, Dia Mundial sense tabac, amb el lema \u201cM\u00e9s sentit com\u00fa, menys tabac\u201d, aquest dia \u00e9s <a class=\"mh-excerpt-more\" href=\"https:\/\/www.tucomarca.com\/wordpress\/segunda\/ca\/la-unitat-de-prevencio-comunitaria-de-conductes-addictives-de-bunyol-posa-en-marxa-una-campanya-de-conscienciacio-i-sensibilitzacio-per-a-la-poblacio-pel-dia-mundial-sense-tabac\/\" title=\"La Unitat de Prevenci\u00f3 Comunit\u00e0ria de Conductes Addictives de Bunyol posa en marxa una campanya de conscienciaci\u00f3 i sensibilitzaci\u00f3 per a la poblaci\u00f3 pel Dia Mundial sense Tabac\">[+] <\/a><\/div>\n","protected":false},"author":12,"featured_media":187410,"comment_status":"open","ping_status":"open","sticky":false,"template":"","format":"standard","meta":{"footnotes":""},"categories":[10911,11010,10948,10894,10912,10896],"tags":[10913,10914],"class_list":{"0":"post-187420","1":"post","2":"type-post","3":"status-publish","4":"format-standard","5":"has-post-thumbnail","7":"category-bunol-ca","8":"category-canal-salud","9":"category-infraestructuras-ca","10":"category-la-comarca-ca","11":"category-la-hoya-ca","12":"category-seccion-ca","13":"tag-bunol-ca","14":"tag-la-hoya-de-bunol-chiva-ca"},"_links":{"self":[{"href":"https:\/\/www.tucomarca.com\/wordpress\/segunda\/ca\/wp-json\/wp\/v2\/posts\/187420","targetHints":{"allow":["GET"]}}],"collection":[{"href":"https:\/\/www.tucomarca.com\/wordpress\/segunda\/ca\/wp-json\/wp\/v2\/posts"}],"about":[{"href":"https:\/\/www.tucomarca.com\/wordpress\/segunda\/ca\/wp-json\/wp\/v2\/types\/post"}],"author":[{"embeddable":true,"href":"https:\/\/www.tucomarca.com\/wordpress\/segunda\/ca\/wp-json\/wp\/v2\/users\/12"}],"replies":[{"embeddable":true,"href":"https:\/\/www.tucomarca.com\/wordpress\/segunda\/ca\/wp-json\/wp\/v2\/comments?post=187420"}],"version-history":[{"count":0,"href":"https:\/\/www.tucomarca.com\/wordpress\/segunda\/ca\/wp-json\/wp\/v2\/posts\/187420\/revisions"}],"wp:featuredmedia":[{"embeddable":true,"href":"https:\/\/www.tucomarca.com\/wordpress\/segunda\/ca\/wp-json\/wp\/v2\/media\/187410"}],"wp:attachment":[{"href":"https:\/\/www.tucomarca.com\/wordpress\/segunda\/ca\/wp-json\/wp\/v2\/media?parent=187420"}],"wp:term":[{"taxonomy":"category","embeddable":true,"href":"https:\/\/www.tucomarca.com\/wordpress\/segunda\/ca\/wp-json\/wp\/v2\/categories?post=187420"},{"taxonomy":"post_tag","embeddable":true,"href":"https:\/\/www.tucomarca.com\/wordpress\/segunda\/ca\/wp-json\/wp\/v2\/tags?post=187420"}],"curies":[{"name":"wp","href":"https:\/\/api.w.org\/{rel}","templated":true}]}}