{"id":187529,"date":"2023-06-01T10:00:00","date_gmt":"2023-06-01T09:00:00","guid":{"rendered":"https:\/\/www.tucomarca.com\/wordpress\/segunda\/?p=187529"},"modified":"2023-06-01T10:16:10","modified_gmt":"2023-06-01T09:16:10","slug":"dos-bombers-requereixen-atencio-medica-en-lextincio-de-lincendi-duna-empresa-dalimentacio-en-el-poligon-de-la-pobla-de-vallbona","status":"publish","type":"post","link":"https:\/\/www.tucomarca.com\/wordpress\/segunda\/ca\/dos-bombers-requereixen-atencio-medica-en-lextincio-de-lincendi-duna-empresa-dalimentacio-en-el-poligon-de-la-pobla-de-vallbona\/","title":{"rendered":"Dos bombers requereixen atenci\u00f3 m\u00e8dica en l&#8217;extinci\u00f3 de l&#8217;incendi d&#8217;una empresa d&#8217;alimentaci\u00f3 en el pol\u00edgon de La Pobla de Vallbona"},"content":{"rendered":"\n<p>El Consorci Provincial de Bombers de Val\u00e8ncia s\u2019hi ha mobilitzat prop de les 00,30 hores de la matinada d\u2019este dijous a un incendi industrial a la Pobla de Vallbona, que afectava una esplanada de palets pertanyent a una empresa del sector alimentari.\u00a0<\/p>\n\n\n\n<p>Cal assenyalar tamb\u00e9 que, a causa de les elevades temperatures, dos dels efectius de bombers que estaven treballant hi van haver de ser atesos per mitjans sanitaris i traslladats a centre hospitalari, on es van acabar de recuperar.\u00a0<\/p>\n\n\n\n<p>Fins a les instal\u00b7lacions, ubicades junt al costat de la carretera Valencia-Ademuz, es van despla\u00e7ar huit dotacions de bombers del Consorci dels parcs de Paterna, L\u2019Eliana, Moncada, Torrent, Alzira i Burjassot, sergent de Paterna i oficial de gu\u00e0rdia.&nbsp;<\/p>\n\n\n\n<p>El foc estava totalment est\u00e9s per la zona exterior dedicada als palets, encara que els bombers hi van frenar el seu avan\u00e7 i no hi va afectar l\u2019interior de les instal\u00b7lacions. L\u2019incendi s\u2019hi ha donat per controlat a les 06:40 h i en estos moments, a primeres hores del mat\u00ed es treballa amb una dotaci\u00f3 i una unitat de comandament per acabar de refrescar.\u00a0<\/p>\n\n\n\n<figure class=\"wp-block-gallery has-nested-images columns-2 is-cropped wp-block-gallery-1 is-layout-flex wp-block-gallery-is-layout-flex\">\n<figure class=\"wp-block-image size-large\"><img loading=\"lazy\" decoding=\"async\" width=\"1920\" height=\"1079\" data-id=\"187525\" src=\"http:\/\/www.tucomarca.com\/wordpress\/segunda\/wp-content\/uploads\/2023\/06\/IncendioLaPobla4.jpeg\" alt=\"\" class=\"wp-image-187525\" srcset=\"https:\/\/www.tucomarca.com\/wordpress\/segunda\/wp-content\/uploads\/2023\/06\/IncendioLaPobla4.jpeg 1920w, https:\/\/www.tucomarca.com\/wordpress\/segunda\/wp-content\/uploads\/2023\/06\/IncendioLaPobla4-300x169.jpeg 300w, https:\/\/www.tucomarca.com\/wordpress\/segunda\/wp-content\/uploads\/2023\/06\/IncendioLaPobla4-1024x575.jpeg 1024w, https:\/\/www.tucomarca.com\/wordpress\/segunda\/wp-content\/uploads\/2023\/06\/IncendioLaPobla4-768x432.jpeg 768w, https:\/\/www.tucomarca.com\/wordpress\/segunda\/wp-content\/uploads\/2023\/06\/IncendioLaPobla4-1536x863.jpeg 1536w, https:\/\/www.tucomarca.com\/wordpress\/segunda\/wp-content\/uploads\/2023\/06\/IncendioLaPobla4-678x381.jpeg 678w\" sizes=\"auto, (max-width: 1920px) 100vw, 1920px\" \/><\/figure>\n\n\n\n<figure class=\"wp-block-image size-large\"><img loading=\"lazy\" decoding=\"async\" width=\"1920\" height=\"1079\" data-id=\"187521\" src=\"http:\/\/www.tucomarca.com\/wordpress\/segunda\/wp-content\/uploads\/2023\/06\/IncendioLaPobla2.jpeg\" alt=\"\" class=\"wp-image-187521\" srcset=\"https:\/\/www.tucomarca.com\/wordpress\/segunda\/wp-content\/uploads\/2023\/06\/IncendioLaPobla2.jpeg 1920w, https:\/\/www.tucomarca.com\/wordpress\/segunda\/wp-content\/uploads\/2023\/06\/IncendioLaPobla2-300x169.jpeg 300w, https:\/\/www.tucomarca.com\/wordpress\/segunda\/wp-content\/uploads\/2023\/06\/IncendioLaPobla2-1024x575.jpeg 1024w, https:\/\/www.tucomarca.com\/wordpress\/segunda\/wp-content\/uploads\/2023\/06\/IncendioLaPobla2-768x432.jpeg 768w, https:\/\/www.tucomarca.com\/wordpress\/segunda\/wp-content\/uploads\/2023\/06\/IncendioLaPobla2-1536x863.jpeg 1536w, https:\/\/www.tucomarca.com\/wordpress\/segunda\/wp-content\/uploads\/2023\/06\/IncendioLaPobla2-678x381.jpeg 678w\" sizes=\"auto, (max-width: 1920px) 100vw, 1920px\" \/><\/figure>\n\n\n\n<figure class=\"wp-block-image size-large\"><img loading=\"lazy\" decoding=\"async\" width=\"1920\" height=\"1079\" data-id=\"187523\" src=\"http:\/\/www.tucomarca.com\/wordpress\/segunda\/wp-content\/uploads\/2023\/06\/IncendioLaPobla3.jpeg\" alt=\"\" class=\"wp-image-187523\" srcset=\"https:\/\/www.tucomarca.com\/wordpress\/segunda\/wp-content\/uploads\/2023\/06\/IncendioLaPobla3.jpeg 1920w, https:\/\/www.tucomarca.com\/wordpress\/segunda\/wp-content\/uploads\/2023\/06\/IncendioLaPobla3-300x169.jpeg 300w, https:\/\/www.tucomarca.com\/wordpress\/segunda\/wp-content\/uploads\/2023\/06\/IncendioLaPobla3-1024x575.jpeg 1024w, https:\/\/www.tucomarca.com\/wordpress\/segunda\/wp-content\/uploads\/2023\/06\/IncendioLaPobla3-768x432.jpeg 768w, https:\/\/www.tucomarca.com\/wordpress\/segunda\/wp-content\/uploads\/2023\/06\/IncendioLaPobla3-1536x863.jpeg 1536w, https:\/\/www.tucomarca.com\/wordpress\/segunda\/wp-content\/uploads\/2023\/06\/IncendioLaPobla3-678x381.jpeg 678w\" sizes=\"auto, (max-width: 1920px) 100vw, 1920px\" \/><\/figure>\n<\/figure>\n","protected":false},"excerpt":{"rendered":"<div class=\"mh-excerpt\">El Consorci Provincial de Bombers de Val\u00e8ncia s\u2019hi ha mobilitzat prop de les 00,30 hores de la matinada d\u2019este dijous a un incendi industrial a la Pobla de Vallbona, que afectava una esplanada de palets <a class=\"mh-excerpt-more\" href=\"https:\/\/www.tucomarca.com\/wordpress\/segunda\/ca\/dos-bombers-requereixen-atencio-medica-en-lextincio-de-lincendi-duna-empresa-dalimentacio-en-el-poligon-de-la-pobla-de-vallbona\/\" title=\"Dos bombers requereixen atenci\u00f3 m\u00e8dica en l&#8217;extinci\u00f3 de l&#8217;incendi d&#8217;una empresa d&#8217;alimentaci\u00f3 en el pol\u00edgon de La Pobla de Vallbona\">[+] <\/a><\/div>\n","protected":false},"author":1,"featured_media":187520,"comment_status":"open","ping_status":"open","sticky":false,"template":"","format":"gallery","meta":{"footnotes":""},"categories":[10892,10898,10948,10894,10904,10915,10903,10896,10897],"tags":[10899,12834,12755,10916],"class_list":{"0":"post-187529","1":"post","2":"type-post","3":"status-publish","4":"format-gallery","5":"has-post-thumbnail","7":"category-camp-de-turia-ca","8":"category-ventana-ca","9":"category-infraestructuras-ca","10":"category-la-comarca-ca","11":"category-sin-categorizar-ca","12":"category-la-pobla-ca","13":"category-medio-ambiente-la-comarca-ca","14":"category-seccion-ca","15":"category-sucesos-la-comarca-ca","16":"tag-camp-de-turia-ca","17":"tag-consorcio-provincial-de-bomberos-de-valencia-ca","18":"tag-incendio-ca","19":"tag-la-pobla-de-vallbona-ca","20":"post_format-post-format-gallery"},"_links":{"self":[{"href":"https:\/\/www.tucomarca.com\/wordpress\/segunda\/ca\/wp-json\/wp\/v2\/posts\/187529","targetHints":{"allow":["GET"]}}],"collection":[{"href":"https:\/\/www.tucomarca.com\/wordpress\/segunda\/ca\/wp-json\/wp\/v2\/posts"}],"about":[{"href":"https:\/\/www.tucomarca.com\/wordpress\/segunda\/ca\/wp-json\/wp\/v2\/types\/post"}],"author":[{"embeddable":true,"href":"https:\/\/www.tucomarca.com\/wordpress\/segunda\/ca\/wp-json\/wp\/v2\/users\/1"}],"replies":[{"embeddable":true,"href":"https:\/\/www.tucomarca.com\/wordpress\/segunda\/ca\/wp-json\/wp\/v2\/comments?post=187529"}],"version-history":[{"count":0,"href":"https:\/\/www.tucomarca.com\/wordpress\/segunda\/ca\/wp-json\/wp\/v2\/posts\/187529\/revisions"}],"wp:featuredmedia":[{"embeddable":true,"href":"https:\/\/www.tucomarca.com\/wordpress\/segunda\/ca\/wp-json\/wp\/v2\/media\/187520"}],"wp:attachment":[{"href":"https:\/\/www.tucomarca.com\/wordpress\/segunda\/ca\/wp-json\/wp\/v2\/media?parent=187529"}],"wp:term":[{"taxonomy":"category","embeddable":true,"href":"https:\/\/www.tucomarca.com\/wordpress\/segunda\/ca\/wp-json\/wp\/v2\/categories?post=187529"},{"taxonomy":"post_tag","embeddable":true,"href":"https:\/\/www.tucomarca.com\/wordpress\/segunda\/ca\/wp-json\/wp\/v2\/tags?post=187529"}],"curies":[{"name":"wp","href":"https:\/\/api.w.org\/{rel}","templated":true}]}}