{"id":187541,"date":"2023-06-01T12:00:00","date_gmt":"2023-06-01T11:00:00","guid":{"rendered":"https:\/\/www.tucomarca.com\/wordpress\/segunda\/?p=187541"},"modified":"2023-06-01T12:58:06","modified_gmt":"2023-06-01T11:58:06","slug":"el-pp-de-bunyol-liderat-per-virginia-sanz-inicia-les-converses-per-a-conformar-un-govern-estable-a-bunyol","status":"publish","type":"post","link":"https:\/\/www.tucomarca.com\/wordpress\/segunda\/ca\/el-pp-de-bunyol-liderat-per-virginia-sanz-inicia-les-converses-per-a-conformar-un-govern-estable-a-bunyol\/","title":{"rendered":"El PP de Bunyol, liderat per Virginia Sanz, inicia les converses per a conformar un govern estable a Bunyol"},"content":{"rendered":"\n<p>Virginia Sanz, la candidata a l&#8217;alcaldia de la formaci\u00f3 que m\u00e9s vots ha collit aquestes eleccions municipals a Bunyol, el Partit Popular, ha confirmat a <strong>tucomarca.com<\/strong> l&#8217;inici de les converses amb la resta de forces pol\u00edtiques de la localitat encaminades a obtindre un govern que garantisca l&#8217;estabilitat municipal per als pr\u00f2xims quatre anys.<\/p>\n\n\n\n<p>Virginia Sanz ha explicat que la primera formaci\u00f3 amb la qual s&#8217;han reunit ha sigut &#8220;Esquerra Alternativa de Bunyol, IAB, amb qui hem tingut una trobada molt cordial i en molt bon to&#8221;, en paraules de la candidata a l&#8217;alcaldia bunyolense.\u00a0<\/p>\n\n\n\n<p>&#8220;La veritat \u00e9s que ha sigut f\u00e0cil conversar amb ells&#8221;, tal com ha confessat el cap de llista dels populars bunyolenses, qui ha subratllat que les converses amb IAB &#8220;van ser en tot moment en un to molt cordial, molt positiu i bo; i aquesta vesprada esperem el mateix amb X Bunyol, amb els qui ens reunim hui dijous&#8221;.\u00a0<\/p>\n\n\n\n<p>De la reuni\u00f3 entre els populars i IAB, Virginia Sanz tamb\u00e9 ha destacat que tots dos s\u00f3n &#8220;dos partits que encara que no tenim una afinitat ideol\u00f2gica, la nostra idea \u00e9s poder fer una afinitat per Bunyol, i el mateix li direm hui a X Bunyol&#8221;.\u00a0<\/p>\n\n\n\n<p>Virginia Sanz ha insistit que acaben de &#8220;iniciar les converses; ahir vam parlar amb uns, hui ho farem amb uns altres; i a partir d&#8217;ac\u00ed l&#8217;equip decidir\u00e0&#8221;; pel que tamb\u00e9 ha avan\u00e7at que els populars no parlaran &#8220;amb cap altra formaci\u00f3 m\u00e9s \u2014en al\u00b7lusi\u00f3 a PSPV-PSOE i EU\u2014 fins que no tinguem definit en el nostre partit qui estar\u00e0 dins del govern municipal. Per tant, de manera priorit\u00e0ria, no parlarem amb PSOE ni EU&#8221;, ha finalitzat Virginia Sanz.<\/p>\n\n\n\n<p>Com ja va avan\u00e7ar <strong>tucomarca.com<\/strong> durant la vetlada electoral del passat diumenge, el Partit Popular va obtindre 1.746 vots (el 32,18% dels vots emesos) i cinc regidors; la segona formaci\u00f3 m\u00e9s votada va ser X Bunyol, que va obtindre 988 sufragis (18,21%) i 2 regidors; seguida en tercer lloc del Partit Socialista amb 972 vots (17,91%) i dos regidors; IAB amb 773 vots (14,24%) i dos regidors; mentre que EU va rebre 740 vots (13,64%) i tamb\u00e9 dos regidors.<\/p>\n","protected":false},"excerpt":{"rendered":"<div class=\"mh-excerpt\">Virginia Sanz, la candidata a l&#8217;alcaldia de la formaci\u00f3 que m\u00e9s vots ha collit aquestes eleccions municipals a Bunyol, el Partit Popular, ha confirmat a tucomarca.com l&#8217;inici de les converses amb la resta de forces <a class=\"mh-excerpt-more\" href=\"https:\/\/www.tucomarca.com\/wordpress\/segunda\/ca\/el-pp-de-bunyol-liderat-per-virginia-sanz-inicia-les-converses-per-a-conformar-un-govern-estable-a-bunyol\/\" title=\"El PP de Bunyol, liderat per Virginia Sanz, inicia les converses per a conformar un govern estable a Bunyol\">[+] <\/a><\/div>\n","protected":false},"author":1,"featured_media":187535,"comment_status":"open","ping_status":"open","sticky":false,"template":"","format":"standard","meta":{"footnotes":""},"categories":[10911,19312,19311,10898,10948,10894,10904,10912,10947,10896],"tags":[10913,18828,10914,11978,11344],"class_list":{"0":"post-187541","1":"post","2":"type-post","3":"status-publish","4":"format-standard","5":"has-post-thumbnail","7":"category-bunol-ca","8":"category-elecciones-28m-ca","9":"category-eleccions-28m","10":"category-ventana-ca","11":"category-infraestructuras-ca","12":"category-la-comarca-ca","13":"category-sin-categorizar-ca","14":"category-la-hoya-ca","15":"category-politica","16":"category-seccion-ca","17":"tag-bunol-ca","18":"tag-elecciones-municipales-2023-ca","19":"tag-la-hoya-de-bunol-chiva-ca","20":"tag-partido-popular-ca","21":"tag-pp-ca"},"_links":{"self":[{"href":"https:\/\/www.tucomarca.com\/wordpress\/segunda\/ca\/wp-json\/wp\/v2\/posts\/187541","targetHints":{"allow":["GET"]}}],"collection":[{"href":"https:\/\/www.tucomarca.com\/wordpress\/segunda\/ca\/wp-json\/wp\/v2\/posts"}],"about":[{"href":"https:\/\/www.tucomarca.com\/wordpress\/segunda\/ca\/wp-json\/wp\/v2\/types\/post"}],"author":[{"embeddable":true,"href":"https:\/\/www.tucomarca.com\/wordpress\/segunda\/ca\/wp-json\/wp\/v2\/users\/1"}],"replies":[{"embeddable":true,"href":"https:\/\/www.tucomarca.com\/wordpress\/segunda\/ca\/wp-json\/wp\/v2\/comments?post=187541"}],"version-history":[{"count":0,"href":"https:\/\/www.tucomarca.com\/wordpress\/segunda\/ca\/wp-json\/wp\/v2\/posts\/187541\/revisions"}],"wp:featuredmedia":[{"embeddable":true,"href":"https:\/\/www.tucomarca.com\/wordpress\/segunda\/ca\/wp-json\/wp\/v2\/media\/187535"}],"wp:attachment":[{"href":"https:\/\/www.tucomarca.com\/wordpress\/segunda\/ca\/wp-json\/wp\/v2\/media?parent=187541"}],"wp:term":[{"taxonomy":"category","embeddable":true,"href":"https:\/\/www.tucomarca.com\/wordpress\/segunda\/ca\/wp-json\/wp\/v2\/categories?post=187541"},{"taxonomy":"post_tag","embeddable":true,"href":"https:\/\/www.tucomarca.com\/wordpress\/segunda\/ca\/wp-json\/wp\/v2\/tags?post=187541"}],"curies":[{"name":"wp","href":"https:\/\/api.w.org\/{rel}","templated":true}]}}