{"id":187562,"date":"2023-06-01T11:55:00","date_gmt":"2023-06-01T10:55:00","guid":{"rendered":"https:\/\/www.tucomarca.com\/wordpress\/segunda\/?p=187562"},"modified":"2023-06-01T20:17:30","modified_gmt":"2023-06-01T19:17:30","slug":"ricardo-gabaldon-pp-tendeix-la-ma-als-membres-de-loposicio-per-a-treballar-per-utiel-durant-els-proxims-4-anys","status":"publish","type":"post","link":"https:\/\/www.tucomarca.com\/wordpress\/segunda\/ca\/ricardo-gabaldon-pp-tendeix-la-ma-als-membres-de-loposicio-per-a-treballar-per-utiel-durant-els-proxims-4-anys\/","title":{"rendered":"Ricardo Gabald\u00f3n (PP) tendeix la m\u00e0 als membres de l&#8217;oposici\u00f3 per a treballar per Utiel durant els pr\u00f2xims 4 anys"},"content":{"rendered":"\n<p>El Popular Ricardo Gabald\u00f3n (PP) ser\u00e0 Alcalde d&#8217;Utiel despr\u00e9s de guanyar les eleccions amb una \u00e0mplia majoria absoluta en obtindre 10 regidors<\/p>\n\n\n\n<p>El Partit Popular&nbsp; encap\u00e7alat per Ricardo Gabald\u00f3n va obtindre 10&nbsp;regidors enfront dels 7 del PSOE, la resta de candidatures que es presentaven en el municipi no van obtindre representaci\u00f3 institucional.<\/p>\n\n\n\n<p>&nbsp;Sobre el resultat &#8220;cal ressaltar que no sols s\u00f3n els millors resultats de la hist\u00f2ria del Partit Popular d&#8217;Utiel, sin\u00f3 tamb\u00e9 del municipi en tindre una difer\u00e8ncia d&#8217;uns 450 vots respecte al resultat de les anteriors eleccions,fregant aix\u00ed els 11 regidors&#8221; afirmen els populars d&#8217;Utiel.<\/p>\n\n\n\n<p>El que ser\u00e0 nou alcalde , tendeix la m\u00e0 als membres de l&#8217;oposici\u00f3, per a treballar durant els pr\u00f2xims 4 anys per Utiel, d&#8217;aquesta manera&nbsp;espera poder comptar amb tots per a demostrar que el que interessa \u00e9s el futur d&#8217;Utiel i els seus llogarets.<\/p>\n\n\n\n<p>Els components de la llista del Partit Popular d&#8217;Utiel que representaran a l&#8217;Ajuntament d&#8217;Utiel durant els pr\u00f2xims 4 anys s\u00f3n els seg\u00fcents:<\/p>\n\n\n\n<ol class=\"wp-block-list\"><li>Ricardo Gabald\u00f3n&nbsp;<\/li><li>Irene Remedios Tello<\/li><li>Carmina Febre&nbsp;<\/li><li>Aitor Iniesta&nbsp;<\/li><li>Rub\u00e9n Murcia&nbsp;<\/li><li>Paloma Villar<\/li><li>Ricardo Febre&nbsp;<\/li><li>Roc\u00edo L\u00f3pez<\/li><li>Jos\u00e9 Luis Garc\u00eda&nbsp;<\/li><li>Juan Manuel Ortol\u00e1<\/li><\/ol>\n\n\n\n<p>Informa: <strong>Luis Ib\u00e1\u00f1ez<\/strong>.<\/p>\n","protected":false},"excerpt":{"rendered":"<div class=\"mh-excerpt\">El Popular Ricardo Gabald\u00f3n (PP) ser\u00e0 Alcalde d&#8217;Utiel despr\u00e9s de guanyar les eleccions amb una \u00e0mplia majoria absoluta en obtindre 10 regidors El Partit Popular&nbsp; encap\u00e7alat per Ricardo Gabald\u00f3n va obtindre 10&nbsp;regidors enfront dels 7 <a class=\"mh-excerpt-more\" href=\"https:\/\/www.tucomarca.com\/wordpress\/segunda\/ca\/ricardo-gabaldon-pp-tendeix-la-ma-als-membres-de-loposicio-per-a-treballar-per-utiel-durant-els-proxims-4-anys\/\" title=\"Ricardo Gabald\u00f3n (PP) tendeix la m\u00e0 als membres de l&#8217;oposici\u00f3 per a treballar per Utiel durant els pr\u00f2xims 4 anys\">[+] <\/a><\/div>\n","protected":false},"author":12,"featured_media":187561,"comment_status":"open","ping_status":"open","sticky":false,"template":"","format":"standard","meta":{"footnotes":""},"categories":[19312,19311,10898,10948,10894,10904,10947,10909,10896,11059],"tags":[18182,10910,11174],"class_list":{"0":"post-187562","1":"post","2":"type-post","3":"status-publish","4":"format-standard","5":"has-post-thumbnail","7":"category-elecciones-28m-ca","8":"category-eleccions-28m","9":"category-ventana-ca","10":"category-infraestructuras-ca","11":"category-la-comarca-ca","12":"category-sin-categorizar-ca","13":"category-politica","14":"category-requena-utiel-ca","15":"category-seccion-ca","16":"category-utiel-ca","17":"tag-pp-utiel-ca","18":"tag-requena-utiel-ca","19":"tag-utiel-ca"},"_links":{"self":[{"href":"https:\/\/www.tucomarca.com\/wordpress\/segunda\/ca\/wp-json\/wp\/v2\/posts\/187562","targetHints":{"allow":["GET"]}}],"collection":[{"href":"https:\/\/www.tucomarca.com\/wordpress\/segunda\/ca\/wp-json\/wp\/v2\/posts"}],"about":[{"href":"https:\/\/www.tucomarca.com\/wordpress\/segunda\/ca\/wp-json\/wp\/v2\/types\/post"}],"author":[{"embeddable":true,"href":"https:\/\/www.tucomarca.com\/wordpress\/segunda\/ca\/wp-json\/wp\/v2\/users\/12"}],"replies":[{"embeddable":true,"href":"https:\/\/www.tucomarca.com\/wordpress\/segunda\/ca\/wp-json\/wp\/v2\/comments?post=187562"}],"version-history":[{"count":0,"href":"https:\/\/www.tucomarca.com\/wordpress\/segunda\/ca\/wp-json\/wp\/v2\/posts\/187562\/revisions"}],"wp:featuredmedia":[{"embeddable":true,"href":"https:\/\/www.tucomarca.com\/wordpress\/segunda\/ca\/wp-json\/wp\/v2\/media\/187561"}],"wp:attachment":[{"href":"https:\/\/www.tucomarca.com\/wordpress\/segunda\/ca\/wp-json\/wp\/v2\/media?parent=187562"}],"wp:term":[{"taxonomy":"category","embeddable":true,"href":"https:\/\/www.tucomarca.com\/wordpress\/segunda\/ca\/wp-json\/wp\/v2\/categories?post=187562"},{"taxonomy":"post_tag","embeddable":true,"href":"https:\/\/www.tucomarca.com\/wordpress\/segunda\/ca\/wp-json\/wp\/v2\/tags?post=187562"}],"curies":[{"name":"wp","href":"https:\/\/api.w.org\/{rel}","templated":true}]}}