{"id":187623,"date":"2023-06-02T12:00:00","date_gmt":"2023-06-02T11:00:00","guid":{"rendered":"https:\/\/www.tucomarca.com\/wordpress\/segunda\/?p=187623"},"modified":"2023-06-02T19:12:39","modified_gmt":"2023-06-02T18:12:39","slug":"ana-alcover-andrea-sala-i-sergi-serrano-representaran-a-els-barris-de-turis-en-2024","status":"publish","type":"post","link":"https:\/\/www.tucomarca.com\/wordpress\/segunda\/ca\/ana-alcover-andrea-sala-i-sergi-serrano-representaran-a-els-barris-de-turis-en-2024\/","title":{"rendered":"<strong>Ana Alcover, Andrea Sala i Sergi Serrano representaran a Els Barris de Tur\u00eds en 2024<\/strong>"},"content":{"rendered":"\n<h4 class=\"wp-block-heading\">La veterana comissi\u00f3 revela el seu quadre d&#8217;honor i signa un nou doblet amb Santaeulalia per a les festes del pr\u00f2xim any<\/h4>\n\n\n\n<p>La Falla Els Barris de Tur\u00eds ha nomenat als seus m\u00e0xims representants per a l&#8217;any que ve. El c\u00e0rrec de Fallera Major recaur\u00e0 en Ana Alcover Iba\u00f1ez, que compartir\u00e0 el quadre d&#8217;honor amb Andrea Sala Zafrilla i Sergi Serrano Algarra, Fallera Major Infantil i President Infantil de 2024.<\/p>\n\n\n\n<p>Els tres van signar este dijous les actes que acrediten els seus respectius c\u00e0rrecs. Seran ells els qui acompanyen al president de la comissi\u00f3, Iv\u00e1n Torres, en el seu onz\u00e8 any al capdavant de les festes, que com ja \u00e9s tradici\u00f3 es celebraran en la localitat valenciana despr\u00e9s de Sant Josep.<\/p>\n\n\n\n<p>Este anunci es produeix pocs dies despr\u00e9s de que Els Barris renovara per set\u00e8 exercici consecutiu el seu idil\u00b7li art\u00edstic amb Santaeulalia Tematitzaci\u00f3n. El reconegut taller tornar\u00e0 a fer doblet, ja que s&#8217;encarregar\u00e0 de realitzar els dos projectes que plantar\u00e0 a la seua demarcaci\u00f3.<\/p>\n\n\n\n<p><\/p>\n","protected":false},"excerpt":{"rendered":"<div class=\"mh-excerpt\">La veterana comissi\u00f3 revela el seu quadre d&#8217;honor i signa un nou doblet amb Santaeulalia per a les festes del pr\u00f2xim any La Falla Els Barris de Tur\u00eds ha nomenat als seus m\u00e0xims representants per <a class=\"mh-excerpt-more\" href=\"https:\/\/www.tucomarca.com\/wordpress\/segunda\/ca\/ana-alcover-andrea-sala-i-sergi-serrano-representaran-a-els-barris-de-turis-en-2024\/\" title=\"Ana Alcover, Andrea Sala i Sergi Serrano representaran a Els Barris de Tur\u00eds en 2024\">[+] <\/a><\/div>\n","protected":false},"author":12,"featured_media":187622,"comment_status":"open","ping_status":"open","sticky":false,"template":"","format":"standard","meta":{"footnotes":""},"categories":[10894,10902,11007,10896,11047],"tags":[11712,19154,11356,11093],"class_list":{"0":"post-187623","1":"post","2":"type-post","3":"status-publish","4":"format-standard","5":"has-post-thumbnail","7":"category-la-comarca-ca","8":"category-la-ribera-ca","9":"category-ocio-y-cultura-ca","10":"category-seccion-ca","11":"category-turis-ca","12":"tag-falla-els-barris-ca","13":"tag-fallas-2024-ca","14":"tag-ribera-alta-ca","15":"tag-turis-ca"},"_links":{"self":[{"href":"https:\/\/www.tucomarca.com\/wordpress\/segunda\/ca\/wp-json\/wp\/v2\/posts\/187623","targetHints":{"allow":["GET"]}}],"collection":[{"href":"https:\/\/www.tucomarca.com\/wordpress\/segunda\/ca\/wp-json\/wp\/v2\/posts"}],"about":[{"href":"https:\/\/www.tucomarca.com\/wordpress\/segunda\/ca\/wp-json\/wp\/v2\/types\/post"}],"author":[{"embeddable":true,"href":"https:\/\/www.tucomarca.com\/wordpress\/segunda\/ca\/wp-json\/wp\/v2\/users\/12"}],"replies":[{"embeddable":true,"href":"https:\/\/www.tucomarca.com\/wordpress\/segunda\/ca\/wp-json\/wp\/v2\/comments?post=187623"}],"version-history":[{"count":0,"href":"https:\/\/www.tucomarca.com\/wordpress\/segunda\/ca\/wp-json\/wp\/v2\/posts\/187623\/revisions"}],"wp:featuredmedia":[{"embeddable":true,"href":"https:\/\/www.tucomarca.com\/wordpress\/segunda\/ca\/wp-json\/wp\/v2\/media\/187622"}],"wp:attachment":[{"href":"https:\/\/www.tucomarca.com\/wordpress\/segunda\/ca\/wp-json\/wp\/v2\/media?parent=187623"}],"wp:term":[{"taxonomy":"category","embeddable":true,"href":"https:\/\/www.tucomarca.com\/wordpress\/segunda\/ca\/wp-json\/wp\/v2\/categories?post=187623"},{"taxonomy":"post_tag","embeddable":true,"href":"https:\/\/www.tucomarca.com\/wordpress\/segunda\/ca\/wp-json\/wp\/v2\/tags?post=187623"}],"curies":[{"name":"wp","href":"https:\/\/api.w.org\/{rel}","templated":true}]}}