{"id":187662,"date":"2023-06-05T08:00:00","date_gmt":"2023-06-05T07:00:00","guid":{"rendered":"https:\/\/www.tucomarca.com\/wordpress\/segunda\/?p=187662"},"modified":"2023-06-05T12:09:23","modified_gmt":"2023-06-05T11:09:23","slug":"lhospital-de-manises-estrena-12-places-daparcament-per-a-vehicles-electrics","status":"publish","type":"post","link":"https:\/\/www.tucomarca.com\/wordpress\/segunda\/ca\/lhospital-de-manises-estrena-12-places-daparcament-per-a-vehicles-electrics\/","title":{"rendered":"L&#8217;Hospital de Manises estrena 12 places d&#8217;aparcament per a vehicles el\u00e8ctrics"},"content":{"rendered":"\n<h4 class=\"wp-block-heading\">Amb aquesta actuaci\u00f3, en la qual s&#8217;han invertit 32.300 euros, els visitants podran recarregar els seus vehicles mentre romanen en les instal\u00b7lacions de l&#8217;hospital<\/h4>\n\n\n\n<h4 class=\"wp-block-heading\">Manises, un dels deu hospitals d&#8217;Espanya\u202fm\u00e9s compromesos amb l&#8217;acci\u00f3 clim\u00e0tica, segons Ecodes<\/h4>\n\n\n\n<h4 class=\"wp-block-heading\">Des de 2013, l&#8217;Hospital de Manises ha aconseguit anar reduint les seues emissions de carboni un 67% i reduir notablement els seus principals consums energ\u00e8tics<\/h4>\n\n\n\n<h4 class=\"wp-block-heading\">Els centres del Departament de Salut opten per les renovables, la reducci\u00f3 del consum d&#8217;energia i aigua, per millorar els sistemes de calefacci\u00f3 i refrigeraci\u00f3, reducci\u00f3 i valoritzaci\u00f3 de residus, o la reducci\u00f3 de materials com els guants, aix\u00ed com el foment del transport sostenible o l&#8217;eliminaci\u00f3 de l&#8217;\u00fas de paper<\/h4>\n\n\n\n<p>L&#8217;augment de la conscienciaci\u00f3 mediambiental i l&#8217;increment de l&#8217;oferta de vehicles amb autonomies cada vegada majors, han suposat un augment de les vendes de vehicles h\u00edbrids i el\u00e8ctrics, que ja es perceben com a opcions viables per a molts conductors.<br>Davant aquesta realitat, l&#8217;Hospital de Manises no vol quedar-se arrere i augmenta el seu comprom\u00eds amb la mobilitat sostenible en el departament de salut amb la instal\u00b7laci\u00f3 de 12 noves places d&#8217;aparcament destinades a aquesta mena de vehicles que necessiten recarregar-se.<br>Els punts de rec\u00e0rrega estaran a la disposici\u00f3 de qualsevol usuari que acudisca a l&#8217;Hospital en el seu vehicle. D&#8217;aquesta manera, a partir d&#8217;ara els propietaris podran recarregar cotxes i motos mentre s\u00f3n atesos a l&#8217;hospital o visiten a familiars ingressats.<br>Amb aquesta actuaci\u00f3, en l&#8217;es han invertit 32.300 euros, l&#8217;Hospital de Manises compleix amb l&#8217;obligatorietat fixada per llei de disposar d&#8217;estacions de rec\u00e0rrega en els p\u00e0rquings d&#8217;edificis&nbsp; de car\u00e0cter p\u00fablic que superen&nbsp;les 20 places, com els que pertanyen a hospitals i altres centres sanitaris.<br>Punts de rec\u00e0rrega<br>Els equips instal\u00b7lats s\u00f3n especialment adequats per a aparcaments d&#8217;interior, amb instal\u00b7lacions similars aplicades a aparcaments de grans superf\u00edcies, aeroports o aparcaments privats.<br>Estan dissenyats per a minimitzar la inversi\u00f3 inicial i les despeses de manteniment. Aquesta soluci\u00f3 consisteix en la combinaci\u00f3 d&#8217;un carregador principal \u2018M\u00e0ster\u2019 que controla a un conjunt de carregadors secundaris. El sistema en conjunt funciona com si tots els carregadors foren intel\u00b7ligents ja siga connectant el M\u00e0ster a un gestor mitjan\u00e7ant OCPP (Protocol Obert de Punt de C\u00e0rrega) o de manera independent, configurant una llista blanca d&#8217;usuaris per al conjunt.<br>A trav\u00e9s d&#8217;aquest sistema tamb\u00e9 es pot establir un l\u00edmit de pot\u00e8ncia m\u00e0xima per a tot el conjunt, estalviant aix\u00ed en la instal\u00b7laci\u00f3 i pot\u00e8ncia contractada.<br>Comprom\u00eds amb l&#8217;entorn i reducci\u00f3 de la petjada<br>L&#8217;hospital de Manises \u00e9s un dels deu hospitals d&#8217;Espanya\u202fm\u00e9s compromesos amb l&#8217;acci\u00f3 clim\u00e0tica. Aix\u00ed ho ha reconegut l&#8217;organitzaci\u00f3 Ecodes, fundaci\u00f3 Ecologia i Desenvolupament que treballa pel desenvolupament sostenible i respectu\u00f3s amb el Medi Ambient. Des de 2013, l&#8217;Hospital de Manises ha aconseguit anar reduint les seues emissions de carboni un 67% i reduir notablement els seus principals consums energ\u00e8tics, establint com una altra de les seues prioritats el respecte i cura del seu entorn.<br>Iv\u00e1n Ruiz, responsable de manteniment de l&#8217;hospital de Manises, ha assenyalat que les mesures adoptades els han perm\u00e9s un important estalvi en electricitat i en gas i fer front a l&#8217;al\u00e7a dels preus de l&#8217;energia.<br>Entre altres mesures adoptades pels centres del Departament de Salut estan optar per les renovables, la reducci\u00f3 del consum d&#8217;energia i aigua, millorar els sistemes de calefacci\u00f3 i refrigeraci\u00f3, reducci\u00f3 i valoritzaci\u00f3 de residus, o la reducci\u00f3 de materials com els guants, aix\u00ed com el foment del transport sostenible o l&#8217;eliminaci\u00f3 de l&#8217;\u00fas de paper.<br>\u00c9s el cas del consum d&#8217;electricitat, que ha descendit un 30%, passant de prop d&#8217;11 milions de kWh consumits en 2013 a menys de 7,8 milions de kWh en 2022, la qual cosa suposa un estalvi de m\u00e9s de 3,3 milions de kWh en aqueix per\u00edode. Aquest estalvi s&#8217;ha produ\u00eft gr\u00e0cies a la implantaci\u00f3 de mesures com la regulaci\u00f3 equilibrada i el control del sistema de climatitzaci\u00f3, la millora realitzada en les unitats de tractament d&#8217;aire, aix\u00ed com a la substituci\u00f3 de tot l&#8217;enllumenat per tecnologia LED.<br>Pel que respecta al gas natural, el consum ha descendit un 52% des de 2013. Concretament, el centre ha passat de consumir 7,4 milions de kWh de gas el citat any, a poc m\u00e9s dels 3,3 milions de kWh de gas en 2022, la qual cosa representa un estalvi de m\u00e9s de 3,6 milions de kWh en aquest per\u00edode. Aquest descens ha sigut possible gr\u00e0cies a les millores d&#8217;efici\u00e8ncia en la xarxa d&#8217;aigua calenta sanit\u00e0ria, l&#8217;equilibrat del sistema primari de calefacci\u00f3 i el control del sistema secundari.<\/p>\n\n\n\n<p><\/p>\n","protected":false},"excerpt":{"rendered":"<div class=\"mh-excerpt\">Amb aquesta actuaci\u00f3, en la qual s&#8217;han invertit 32.300 euros, els visitants podran recarregar els seus vehicles mentre romanen en les instal\u00b7lacions de l&#8217;hospital Manises, un dels deu hospitals d&#8217;Espanya\u202fm\u00e9s compromesos amb l&#8217;acci\u00f3 clim\u00e0tica, segons <a class=\"mh-excerpt-more\" href=\"https:\/\/www.tucomarca.com\/wordpress\/segunda\/ca\/lhospital-de-manises-estrena-12-places-daparcament-per-a-vehicles-electrics\/\" title=\"L&#8217;Hospital de Manises estrena 12 places d&#8217;aparcament per a vehicles el\u00e8ctrics\">[+] <\/a><\/div>\n","protected":false},"author":12,"featured_media":187661,"comment_status":"open","ping_status":"open","sticky":false,"template":"","format":"standard","meta":{"footnotes":""},"categories":[10973,10911,10892,11010,10898,10977,10980,10948,10894,10912,10902,10931,10978,10903,10906,10896,11047,10974,10975],"tags":[10899,10914,11356],"class_list":{"0":"post-187662","1":"post","2":"type-post","3":"status-publish","4":"format-standard","5":"has-post-thumbnail","7":"category-alborache-ca","8":"category-bunol-ca","9":"category-camp-de-turia-ca","10":"category-canal-salud","11":"category-ventana-ca","12":"category-godelleta-ca","13":"category-yatova-ca","14":"category-infraestructuras-ca","15":"category-la-comarca-ca","16":"category-la-hoya-ca","17":"category-la-ribera-ca","18":"category-loriguilla-ca","19":"category-macastre-ca","20":"category-medio-ambiente-la-comarca-ca","21":"category-riba-roja-ca","22":"category-seccion-ca","23":"category-turis-ca","24":"category-cheste-ca","25":"category-chiva-ca","26":"tag-camp-de-turia-ca","27":"tag-la-hoya-de-bunol-chiva-ca","28":"tag-ribera-alta-ca"},"_links":{"self":[{"href":"https:\/\/www.tucomarca.com\/wordpress\/segunda\/ca\/wp-json\/wp\/v2\/posts\/187662","targetHints":{"allow":["GET"]}}],"collection":[{"href":"https:\/\/www.tucomarca.com\/wordpress\/segunda\/ca\/wp-json\/wp\/v2\/posts"}],"about":[{"href":"https:\/\/www.tucomarca.com\/wordpress\/segunda\/ca\/wp-json\/wp\/v2\/types\/post"}],"author":[{"embeddable":true,"href":"https:\/\/www.tucomarca.com\/wordpress\/segunda\/ca\/wp-json\/wp\/v2\/users\/12"}],"replies":[{"embeddable":true,"href":"https:\/\/www.tucomarca.com\/wordpress\/segunda\/ca\/wp-json\/wp\/v2\/comments?post=187662"}],"version-history":[{"count":0,"href":"https:\/\/www.tucomarca.com\/wordpress\/segunda\/ca\/wp-json\/wp\/v2\/posts\/187662\/revisions"}],"wp:featuredmedia":[{"embeddable":true,"href":"https:\/\/www.tucomarca.com\/wordpress\/segunda\/ca\/wp-json\/wp\/v2\/media\/187661"}],"wp:attachment":[{"href":"https:\/\/www.tucomarca.com\/wordpress\/segunda\/ca\/wp-json\/wp\/v2\/media?parent=187662"}],"wp:term":[{"taxonomy":"category","embeddable":true,"href":"https:\/\/www.tucomarca.com\/wordpress\/segunda\/ca\/wp-json\/wp\/v2\/categories?post=187662"},{"taxonomy":"post_tag","embeddable":true,"href":"https:\/\/www.tucomarca.com\/wordpress\/segunda\/ca\/wp-json\/wp\/v2\/tags?post=187662"}],"curies":[{"name":"wp","href":"https:\/\/api.w.org\/{rel}","templated":true}]}}