{"id":187688,"date":"2023-06-05T08:08:00","date_gmt":"2023-06-05T07:08:00","guid":{"rendered":"https:\/\/www.tucomarca.com\/wordpress\/segunda\/?p=187688"},"modified":"2023-06-05T12:36:44","modified_gmt":"2023-06-05T11:36:44","slug":"csif-exigeix-un-financament-adequat-perque-el-pla-de-vacances-del-departament-de-requena-garantisca-latencio","status":"publish","type":"post","link":"https:\/\/www.tucomarca.com\/wordpress\/segunda\/ca\/csif-exigeix-un-financament-adequat-perque-el-pla-de-vacances-del-departament-de-requena-garantisca-latencio\/","title":{"rendered":"CSIF exigeix un finan\u00e7ament adequat perqu\u00e8 el pla de vacances del departament de Requena garantisca l&#8217;atenci\u00f3"},"content":{"rendered":"\n<h4 class=\"wp-block-heading\">El sindicat lamenta l&#8217;esc\u00e0s pressupost destinat per Conselleria de Sanitat i alerta de la falta de professionals<\/h4>\n\n\n\n<p>El sindicat CSIF ha demanat per escrit a Ger\u00e8ncia del departament de salut de Requena que \u201ces finance adequadament el pla de vacances i que siga prioritzat en les contractacions\u201d. La central sindical ha dut a terme aquesta mesura en comprovar que es tractar\u00e0 del departament amb menys pressupostos de la Comunitat Valenciana per a aquest pla i a causa de la manca de professionals.<br>La Central Sindical Independent i de Funcionaris (CSIF) explica en el seu escrit que \u201cdonada la falta de professionals en el nostre departament, hauria d&#8217;intentar cobrir i suplir en primera inst\u00e0ncia les vacances dels nostres treballadors\u201d. El sindicat tem que aqueixa escassetat de pressupost per al pla de vacances, molt per davall del mili\u00f3 d&#8217;euros per al conjunt del departament de salut, provoque un greu minvament en l&#8217;atenci\u00f3.<br>El sindicat recorda igualment en el seu escrit que \u201cno hi ha contestaci\u00f3 des de Conselleria de Sanitat a les places sol\u00b7licitades que compleixen amb els requisits de dif\u00edcil cobertura, el decret de la qual \u00e9s de 31 de gener. Ja ha transcorregut temps suficient perqu\u00e8 Conselleria haguera pres alguna decisi\u00f3 sobre aquest tema, ja que treballadors i usuaris pateixen les conseq\u00fc\u00e8ncies d&#8217;aqueixa \u201cinacci\u00f3\u201d.<br>CSIF insisteix en el seu escrit en qu\u00e8 \u201ces prenguen les mesures oportunes perqu\u00e8 el nostre departament de salut siga declarat com de dif\u00edcil cobertura en totes les places que porten diversos mesos sense cobrir\u201d. De la mateixa manera, el sindicat insta a \u201cfinan\u00e7ar adequadament el pla de vacances en el departament de salut de Requena i que siga prioritzat en les contractacions\u201d.<\/p>\n\n\n\n<p><\/p>\n","protected":false},"excerpt":{"rendered":"<div class=\"mh-excerpt\">El sindicat lamenta l&#8217;esc\u00e0s pressupost destinat per Conselleria de Sanitat i alerta de la falta de professionals El sindicat CSIF ha demanat per escrit a Ger\u00e8ncia del departament de salut de Requena que \u201ces finance <a class=\"mh-excerpt-more\" href=\"https:\/\/www.tucomarca.com\/wordpress\/segunda\/ca\/csif-exigeix-un-financament-adequat-perque-el-pla-de-vacances-del-departament-de-requena-garantisca-latencio\/\" title=\"CSIF exigeix un finan\u00e7ament adequat perqu\u00e8 el pla de vacances del departament de Requena garantisca l&#8217;atenci\u00f3\">[+] <\/a><\/div>\n","protected":false},"author":12,"featured_media":103138,"comment_status":"open","ping_status":"open","sticky":false,"template":"","format":"standard","meta":{"footnotes":""},"categories":[11010,10898,10948,10894,10947,10908,10909,10896],"tags":[11345,17534,11099,10910],"class_list":{"0":"post-187688","1":"post","2":"type-post","3":"status-publish","4":"format-standard","5":"has-post-thumbnail","7":"category-canal-salud","8":"category-ventana-ca","9":"category-infraestructuras-ca","10":"category-la-comarca-ca","11":"category-politica","12":"category-requena-ca","13":"category-requena-utiel-ca","14":"category-seccion-ca","15":"tag-csif-ca","16":"tag-hospital-de-requena-ca","17":"tag-requena-ca","18":"tag-requena-utiel-ca"},"_links":{"self":[{"href":"https:\/\/www.tucomarca.com\/wordpress\/segunda\/ca\/wp-json\/wp\/v2\/posts\/187688","targetHints":{"allow":["GET"]}}],"collection":[{"href":"https:\/\/www.tucomarca.com\/wordpress\/segunda\/ca\/wp-json\/wp\/v2\/posts"}],"about":[{"href":"https:\/\/www.tucomarca.com\/wordpress\/segunda\/ca\/wp-json\/wp\/v2\/types\/post"}],"author":[{"embeddable":true,"href":"https:\/\/www.tucomarca.com\/wordpress\/segunda\/ca\/wp-json\/wp\/v2\/users\/12"}],"replies":[{"embeddable":true,"href":"https:\/\/www.tucomarca.com\/wordpress\/segunda\/ca\/wp-json\/wp\/v2\/comments?post=187688"}],"version-history":[{"count":0,"href":"https:\/\/www.tucomarca.com\/wordpress\/segunda\/ca\/wp-json\/wp\/v2\/posts\/187688\/revisions"}],"wp:featuredmedia":[{"embeddable":true,"href":"https:\/\/www.tucomarca.com\/wordpress\/segunda\/ca\/wp-json\/wp\/v2\/media\/103138"}],"wp:attachment":[{"href":"https:\/\/www.tucomarca.com\/wordpress\/segunda\/ca\/wp-json\/wp\/v2\/media?parent=187688"}],"wp:term":[{"taxonomy":"category","embeddable":true,"href":"https:\/\/www.tucomarca.com\/wordpress\/segunda\/ca\/wp-json\/wp\/v2\/categories?post=187688"},{"taxonomy":"post_tag","embeddable":true,"href":"https:\/\/www.tucomarca.com\/wordpress\/segunda\/ca\/wp-json\/wp\/v2\/tags?post=187688"}],"curies":[{"name":"wp","href":"https:\/\/api.w.org\/{rel}","templated":true}]}}