{"id":187692,"date":"2023-06-03T20:00:00","date_gmt":"2023-06-03T19:00:00","guid":{"rendered":"https:\/\/www.tucomarca.com\/wordpress\/segunda\/?p=187692"},"modified":"2023-06-05T12:41:33","modified_gmt":"2023-06-05T11:41:33","slug":"les-precipitacions-de-maig-deixen-mes-de-100-litres-per-metre-quadrat-en-algunes-zones-de-requena-utiel","status":"publish","type":"post","link":"https:\/\/www.tucomarca.com\/wordpress\/segunda\/ca\/les-precipitacions-de-maig-deixen-mes-de-100-litres-per-metre-quadrat-en-algunes-zones-de-requena-utiel\/","title":{"rendered":"Les precipitacions de maig deixen m\u00e9s de 100 litres per metre quadrat en algunes zones de Requena-Utiel&nbsp;"},"content":{"rendered":"\n<p>Despr\u00e9s de quatre mesos en qu\u00e8 les precipitacions han sigut molt escasses, el mes de maig ha sigut bastant pluj\u00f3s a Requena-Utiel; perqu\u00e8 la quantitat mitjana d&#8217;aigua de pluja recollida ha sigut d&#8217;uns 80 litres per metre quadrat. Les quantitats de pluja m\u00e9s destacades, segons l&#8217;Associaci\u00f3 Valenciana de Meteorologia -AVAMET- han sigut les registrades a Sinarques, amb 104,8 litres per metre quadrat ; en la pedania requenense dels Ruices, amb 97,2 i a Utiel, amb 93,6 litres.<br>Les pluges seran beneficioses per a tots els cultius; per\u00f2 no revertiran els greus danys que ha causat la prolongada sequera. Informa, <strong>Luis Ib\u00e1\u00f1ez.<\/strong><\/p>\n\n\n\n<p><\/p>\n","protected":false},"excerpt":{"rendered":"<div class=\"mh-excerpt\">Despr\u00e9s de quatre mesos en qu\u00e8 les precipitacions han sigut molt escasses, el mes de maig ha sigut bastant pluj\u00f3s a Requena-Utiel; perqu\u00e8 la quantitat mitjana d&#8217;aigua de pluja recollida ha sigut d&#8217;uns 80 litres <a class=\"mh-excerpt-more\" href=\"https:\/\/www.tucomarca.com\/wordpress\/segunda\/ca\/les-precipitacions-de-maig-deixen-mes-de-100-litres-per-metre-quadrat-en-algunes-zones-de-requena-utiel\/\" title=\"Les precipitacions de maig deixen m\u00e9s de 100 litres per metre quadrat en algunes zones de Requena-Utiel&nbsp;\">[+] <\/a><\/div>\n","protected":false},"author":12,"featured_media":187698,"comment_status":"open","ping_status":"open","sticky":false,"template":"","format":"standard","meta":{"footnotes":""},"categories":[10905,10898,10948,10894,10903,10908,10909,10896,10897],"tags":[11099,10910,11174],"class_list":{"0":"post-187692","1":"post","2":"type-post","3":"status-publish","4":"format-standard","5":"has-post-thumbnail","7":"category-agricultura-la-comarca-ca","8":"category-ventana-ca","9":"category-infraestructuras-ca","10":"category-la-comarca-ca","11":"category-medio-ambiente-la-comarca-ca","12":"category-requena-ca","13":"category-requena-utiel-ca","14":"category-seccion-ca","15":"category-sucesos-la-comarca-ca","16":"tag-requena-ca","17":"tag-requena-utiel-ca","18":"tag-utiel-ca"},"_links":{"self":[{"href":"https:\/\/www.tucomarca.com\/wordpress\/segunda\/ca\/wp-json\/wp\/v2\/posts\/187692","targetHints":{"allow":["GET"]}}],"collection":[{"href":"https:\/\/www.tucomarca.com\/wordpress\/segunda\/ca\/wp-json\/wp\/v2\/posts"}],"about":[{"href":"https:\/\/www.tucomarca.com\/wordpress\/segunda\/ca\/wp-json\/wp\/v2\/types\/post"}],"author":[{"embeddable":true,"href":"https:\/\/www.tucomarca.com\/wordpress\/segunda\/ca\/wp-json\/wp\/v2\/users\/12"}],"replies":[{"embeddable":true,"href":"https:\/\/www.tucomarca.com\/wordpress\/segunda\/ca\/wp-json\/wp\/v2\/comments?post=187692"}],"version-history":[{"count":0,"href":"https:\/\/www.tucomarca.com\/wordpress\/segunda\/ca\/wp-json\/wp\/v2\/posts\/187692\/revisions"}],"wp:featuredmedia":[{"embeddable":true,"href":"https:\/\/www.tucomarca.com\/wordpress\/segunda\/ca\/wp-json\/wp\/v2\/media\/187698"}],"wp:attachment":[{"href":"https:\/\/www.tucomarca.com\/wordpress\/segunda\/ca\/wp-json\/wp\/v2\/media?parent=187692"}],"wp:term":[{"taxonomy":"category","embeddable":true,"href":"https:\/\/www.tucomarca.com\/wordpress\/segunda\/ca\/wp-json\/wp\/v2\/categories?post=187692"},{"taxonomy":"post_tag","embeddable":true,"href":"https:\/\/www.tucomarca.com\/wordpress\/segunda\/ca\/wp-json\/wp\/v2\/tags?post=187692"}],"curies":[{"name":"wp","href":"https:\/\/api.w.org\/{rel}","templated":true}]}}