{"id":187710,"date":"2023-06-05T10:12:00","date_gmt":"2023-06-05T09:12:00","guid":{"rendered":"https:\/\/www.tucomarca.com\/wordpress\/segunda\/?p=187710"},"modified":"2023-06-05T18:31:10","modified_gmt":"2023-06-05T17:31:10","slug":"csif-recull-700-signatures-contra-el-tancament-del-quiosc-de-lhospital-dalzira-i-exigeix-unes-condicions-adequades-per-a-reobrir-lo","status":"publish","type":"post","link":"https:\/\/www.tucomarca.com\/wordpress\/segunda\/ca\/csif-recull-700-signatures-contra-el-tancament-del-quiosc-de-lhospital-dalzira-i-exigeix-unes-condicions-adequades-per-a-reobrir-lo\/","title":{"rendered":"CSIF recull 700 signatures contra el tancament del quiosc de l&#8217;hospital d&#8217;Alzira i exigeix unes condicions adequades per a reobrir-lo"},"content":{"rendered":"\n<h4 class=\"wp-block-heading\">La central sindical alerta del malestar per la p\u00e8rdua d&#8217;un local que presta una labor fonamental en un recinte que es troba apartat del nucli urb\u00e0&nbsp;<\/h4>\n\n\n\n<p>El sindicat CSIF porta recollides 700 signatures de treballadors, familiars o pacients contra el tancament del quiosc de l&#8217;hospital d&#8217;Alzira. La central sindical va denunciar el mes de maig passat l&#8217;enduriment de les condicions d&#8217;explotaci\u00f3 que havia abocat al tancament d&#8217;un recinte que presta un servei fonamental. En tot just deu dies ha recopilat 700 r\u00fabriques amb les quals exigeix la reobertura.<br>La Central Sindical Independent i de Funcionaris (CSIF) explica que existeix malestar entre els usuaris del recinte pel tancament d&#8217;un local que, a m\u00e9s de vendre peri\u00f2dics i revistes, tamb\u00e9 oferia raspalls de dents, flors, productes d&#8217;higiene \u00edntima, regals i molts altres objectes que \u201cfeien la vida m\u00e9s suportable a pacients i familiars\u201d.<br>El sindicat assenyala que, despr\u00e9s de m\u00e9s de 20 prestant aquest servei, la direcci\u00f3 del recinte va decidir endurir el c\u00e0non d&#8217;explotaci\u00f3. Aquesta circumst\u00e0ncia va provocar que el concurs es quedara desert i que no estiga obert el quiosc des del passat 26 de maig.<br>CSIF va iniciar llavors una recollida de signatures per a mostrar el seu rebuig a aqueix tancament. En l&#8217;escrit, que ja han rubricat 700 usuaris, es deixa const\u00e0ncia que \u201cdonada la particular ubicaci\u00f3 de l&#8217;hospital, no es troba cap altre tipus de comer\u00e7 en els voltants\u201d La central sindical insisteix en la seua reobertura.<br>CSIF defensa que es \u201coferisca, per part de la direcci\u00f3 del departament de salut, la gesti\u00f3 d&#8217;aquest negoci en unes condicions adequades perqu\u00e8 qui vulga explotar-lo puga fer-ho i atendre els usuaris que el requerisquen\u201d.&nbsp;<br>El sindicat recorda que l&#8217;hospital es troba separat del nucli urb\u00e0, i que per a molts familiars o amics de persones malaltes l&#8217;\u00fanica ocasi\u00f3 de comprar un detall als seus sers estimats consisteix a fer-lo en aquest quiosc.<\/p>\n\n\n\n<p><\/p>\n","protected":false},"excerpt":{"rendered":"<div class=\"mh-excerpt\">La central sindical alerta del malestar per la p\u00e8rdua d&#8217;un local que presta una labor fonamental en un recinte que es troba apartat del nucli urb\u00e0&nbsp; El sindicat CSIF porta recollides 700 signatures de treballadors, <a class=\"mh-excerpt-more\" href=\"https:\/\/www.tucomarca.com\/wordpress\/segunda\/ca\/csif-recull-700-signatures-contra-el-tancament-del-quiosc-de-lhospital-dalzira-i-exigeix-unes-condicions-adequades-per-a-reobrir-lo\/\" title=\"CSIF recull 700 signatures contra el tancament del quiosc de l&#8217;hospital d&#8217;Alzira i exigeix unes condicions adequades per a reobrir-lo\">[+] <\/a><\/div>\n","protected":false},"author":12,"featured_media":187709,"comment_status":"open","ping_status":"open","sticky":false,"template":"","format":"standard","meta":{"footnotes":""},"categories":[10889,11010,10898,10948,10894,10902,10947,10896],"tags":[11345,19329,12491,11356],"class_list":{"0":"post-187710","1":"post","2":"type-post","3":"status-publish","4":"format-standard","5":"has-post-thumbnail","7":"category-alzira-cat","8":"category-canal-salud","9":"category-ventana-ca","10":"category-infraestructuras-ca","11":"category-la-comarca-ca","12":"category-la-ribera-ca","13":"category-politica","14":"category-seccion-ca","15":"tag-csif-ca","16":"tag-hospital-alzira-ca","17":"tag-hospital-de-la-ribera-ca","18":"tag-ribera-alta-ca"},"_links":{"self":[{"href":"https:\/\/www.tucomarca.com\/wordpress\/segunda\/ca\/wp-json\/wp\/v2\/posts\/187710","targetHints":{"allow":["GET"]}}],"collection":[{"href":"https:\/\/www.tucomarca.com\/wordpress\/segunda\/ca\/wp-json\/wp\/v2\/posts"}],"about":[{"href":"https:\/\/www.tucomarca.com\/wordpress\/segunda\/ca\/wp-json\/wp\/v2\/types\/post"}],"author":[{"embeddable":true,"href":"https:\/\/www.tucomarca.com\/wordpress\/segunda\/ca\/wp-json\/wp\/v2\/users\/12"}],"replies":[{"embeddable":true,"href":"https:\/\/www.tucomarca.com\/wordpress\/segunda\/ca\/wp-json\/wp\/v2\/comments?post=187710"}],"version-history":[{"count":0,"href":"https:\/\/www.tucomarca.com\/wordpress\/segunda\/ca\/wp-json\/wp\/v2\/posts\/187710\/revisions"}],"wp:featuredmedia":[{"embeddable":true,"href":"https:\/\/www.tucomarca.com\/wordpress\/segunda\/ca\/wp-json\/wp\/v2\/media\/187709"}],"wp:attachment":[{"href":"https:\/\/www.tucomarca.com\/wordpress\/segunda\/ca\/wp-json\/wp\/v2\/media?parent=187710"}],"wp:term":[{"taxonomy":"category","embeddable":true,"href":"https:\/\/www.tucomarca.com\/wordpress\/segunda\/ca\/wp-json\/wp\/v2\/categories?post=187710"},{"taxonomy":"post_tag","embeddable":true,"href":"https:\/\/www.tucomarca.com\/wordpress\/segunda\/ca\/wp-json\/wp\/v2\/tags?post=187710"}],"curies":[{"name":"wp","href":"https:\/\/api.w.org\/{rel}","templated":true}]}}