{"id":187747,"date":"2023-06-05T18:00:00","date_gmt":"2023-06-05T17:00:00","guid":{"rendered":"https:\/\/www.tucomarca.com\/wordpress\/segunda\/?p=187747"},"modified":"2023-06-05T20:17:42","modified_gmt":"2023-06-05T19:17:42","slug":"el-cd-utiel-fa-un-pas-de-gegant-despres-dimposar-se-per-0-gols-a-2-al-crevillent-esportiu-a-domicili-en-la-primera-semifinal-dascens-a-tercera","status":"publish","type":"post","link":"https:\/\/www.tucomarca.com\/wordpress\/segunda\/ca\/el-cd-utiel-fa-un-pas-de-gegant-despres-dimposar-se-per-0-gols-a-2-al-crevillent-esportiu-a-domicili-en-la-primera-semifinal-dascens-a-tercera\/","title":{"rendered":"El CD Utiel fa un pas de gegant despr\u00e9s d&#8217;imposar-se per 0 gols a 2 al Crevillent Esportiu a domicili en la primera semifinal d&#8217;ascens a Tercera"},"content":{"rendered":"\n<p>El Club Esportiu Utiel ha fet un pas de gegant aquesta passat cap de setmana despr\u00e9s d&#8217;imposar-se per 0 gols a 2 al Crevillent Esportiu en el primer partit de les semifinals del play off d&#8217;ascens a Tercera Divisi\u00f3. Dos gols que, com es recordar\u00e0, en cas d&#8217;empat compten el doble en aconseguir-se a domicili. <\/p>\n\n\n\n<p>Els de Javi Pons van aconseguir a m\u00e9s els seus dos punts abans dels primers 30 minuts de joc, un resultat que mantindrien fins al final del xoc. De fet, el primer dels gols va arribar molt primerenc, en el minut 4 i per mediaci\u00f3 d&#8217;Eric Ballesteros; mentre que el segon el va materialitzar Jos\u00e9 Mart\u00ednez en el minut 23. <\/p>\n\n\n\n<p>El pr\u00f2xim partit de semifinals tindr\u00e0 lloc en La Cel\u00b7la diumenge que ve a les 18,00 hores.<\/p>\n","protected":false},"excerpt":{"rendered":"<div class=\"mh-excerpt\">El Club Esportiu Utiel ha fet un pas de gegant aquesta passat cap de setmana despr\u00e9s d&#8217;imposar-se per 0 gols a 2 al Crevillent Esportiu en el primer partit de les semifinals del play off <a class=\"mh-excerpt-more\" href=\"https:\/\/www.tucomarca.com\/wordpress\/segunda\/ca\/el-cd-utiel-fa-un-pas-de-gegant-despres-dimposar-se-per-0-gols-a-2-al-crevillent-esportiu-a-domicili-en-la-primera-semifinal-dascens-a-tercera\/\" title=\"El CD Utiel fa un pas de gegant despr\u00e9s d&#8217;imposar-se per 0 gols a 2 al Crevillent Esportiu a domicili en la primera semifinal d&#8217;ascens a Tercera\">[+] <\/a><\/div>\n","protected":false},"author":1,"featured_media":187746,"comment_status":"open","ping_status":"open","sticky":false,"template":"","format":"standard","meta":{"footnotes":""},"categories":[11015,11003,10898,10894,10904,10909,10896,11059],"tags":[14970,11075,10910,11174],"class_list":{"0":"post-187747","1":"post","2":"type-post","3":"status-publish","4":"format-standard","5":"has-post-thumbnail","7":"category-canal-futbol","8":"category-sports","9":"category-ventana-ca","10":"category-la-comarca-ca","11":"category-sin-categorizar-ca","12":"category-requena-utiel-ca","13":"category-seccion-ca","14":"category-utiel-ca","15":"tag-cd-utiel-ca","16":"tag-futbol-ca","17":"tag-requena-utiel-ca","18":"tag-utiel-ca"},"_links":{"self":[{"href":"https:\/\/www.tucomarca.com\/wordpress\/segunda\/ca\/wp-json\/wp\/v2\/posts\/187747","targetHints":{"allow":["GET"]}}],"collection":[{"href":"https:\/\/www.tucomarca.com\/wordpress\/segunda\/ca\/wp-json\/wp\/v2\/posts"}],"about":[{"href":"https:\/\/www.tucomarca.com\/wordpress\/segunda\/ca\/wp-json\/wp\/v2\/types\/post"}],"author":[{"embeddable":true,"href":"https:\/\/www.tucomarca.com\/wordpress\/segunda\/ca\/wp-json\/wp\/v2\/users\/1"}],"replies":[{"embeddable":true,"href":"https:\/\/www.tucomarca.com\/wordpress\/segunda\/ca\/wp-json\/wp\/v2\/comments?post=187747"}],"version-history":[{"count":0,"href":"https:\/\/www.tucomarca.com\/wordpress\/segunda\/ca\/wp-json\/wp\/v2\/posts\/187747\/revisions"}],"wp:featuredmedia":[{"embeddable":true,"href":"https:\/\/www.tucomarca.com\/wordpress\/segunda\/ca\/wp-json\/wp\/v2\/media\/187746"}],"wp:attachment":[{"href":"https:\/\/www.tucomarca.com\/wordpress\/segunda\/ca\/wp-json\/wp\/v2\/media?parent=187747"}],"wp:term":[{"taxonomy":"category","embeddable":true,"href":"https:\/\/www.tucomarca.com\/wordpress\/segunda\/ca\/wp-json\/wp\/v2\/categories?post=187747"},{"taxonomy":"post_tag","embeddable":true,"href":"https:\/\/www.tucomarca.com\/wordpress\/segunda\/ca\/wp-json\/wp\/v2\/tags?post=187747"}],"curies":[{"name":"wp","href":"https:\/\/api.w.org\/{rel}","templated":true}]}}