{"id":187804,"date":"2023-06-05T09:00:00","date_gmt":"2023-06-05T08:00:00","guid":{"rendered":"https:\/\/www.tucomarca.com\/wordpress\/segunda\/?p=187804"},"modified":"2023-06-05T20:39:54","modified_gmt":"2023-06-05T19:39:54","slug":"opinio-a-boca-de-cano-i-ara-que-per-joseh-larrazabal","status":"publish","type":"post","link":"https:\/\/www.tucomarca.com\/wordpress\/segunda\/ca\/opinio-a-boca-de-cano-i-ara-que-per-joseh-larrazabal\/","title":{"rendered":"Opini\u00f3: A boca de can\u00f3. I ara qu\u00e8? per J\u00f3seh Larraz\u00e1bal"},"content":{"rendered":"\n<figure class=\"wp-block-image size-large is-resized\"><img loading=\"lazy\" decoding=\"async\" src=\"http:\/\/www.tucomarca.com\/wordpress\/segunda\/wp-content\/uploads\/2021\/07\/JoseLarrazabal-1024x1024.jpg\" alt=\"\" class=\"wp-image-136627\" width=\"223\" height=\"223\" srcset=\"https:\/\/www.tucomarca.com\/wordpress\/segunda\/wp-content\/uploads\/2021\/07\/JoseLarrazabal-1024x1024.jpg 1024w, https:\/\/www.tucomarca.com\/wordpress\/segunda\/wp-content\/uploads\/2021\/07\/JoseLarrazabal-300x300.jpg 300w, https:\/\/www.tucomarca.com\/wordpress\/segunda\/wp-content\/uploads\/2021\/07\/JoseLarrazabal-290x290.jpg 290w, https:\/\/www.tucomarca.com\/wordpress\/segunda\/wp-content\/uploads\/2021\/07\/JoseLarrazabal-768x768.jpg 768w, https:\/\/www.tucomarca.com\/wordpress\/segunda\/wp-content\/uploads\/2021\/07\/JoseLarrazabal.jpg 1086w\" sizes=\"auto, (max-width: 223px) 100vw, 223px\" \/><\/figure>\n\n\n\n<p>Es va acabar la Lliga:<br>BETIS 1-1 VCF<br>Fin\u00e1lmente el Val\u00e8ncia queda classificat en el lloc 16 amb 42 punts.<br>A 2 llocs i 2 punts del descens. Durant la jornada de hui, \u00faltima de la temporada, s&#8217;han jugat quasi tots els partits a la mateixa hora. El vcf ha arribat a estar a nom\u00e9s 1 lloc de l&#8217;abisme, depenent del fet que el Valladolid no marcara.<br>Finalment s&#8217;han &#8220;salvat els mobles&#8221; i s&#8217;ha pogut evitar aix\u00f2 que alguns consideren una hecatombe: baixar a segona.<br>Perqu\u00e8 res, felicitats per a tots els que pensen aix\u00ed.<br>A mi em fa vergonya el succe\u00eft durant aquesta temporada.<br>Gran part de l&#8217;afici\u00f3 del vcf ha optat per acudir en massa al centenari Mestalla per a animar a l&#8217;equip i evitar caure a la 2a divisi\u00f3.<br>No ha servit per a res, l&#8217;ombra de 2a ha estat planejant sobre l&#8217;equip fins a l&#8217;\u00faltim minut de l&#8217;\u00faltim mach.<br>Com deia anteriorment, finalment s&#8217;ha aconseguit la perman\u00e8ncia, per\u00f2 de manera ag\u00f2nica, depriment, deshonrosa. Per moments el vcf estava a 1 gol del pitjor. Durant una gran part del partit si haguera marcat el Valladolid, tan sols 1 gol, el vcf s&#8217;haguera ficat en descens.<br>\u00c9s vergony\u00f3s, digne d&#8217;un equip sense honor, sense honra, sense hist\u00f2ria, sense gl\u00f2ria. \u00c9s el vcf aqueix equip? Jo diria que no.<br>Almenys no ho era. Ha sigut un club que s&#8217;ha donat colzades amb els grans en m\u00e9s d&#8217;una ocasi\u00f3, almenys aix\u00ed va ser fins que li va arribar al Val\u00e8ncia una desgr\u00e0cia enorme anomenada Peter Lim. Ell \u00e9s el culpable d&#8217;aquesta situaci\u00f3. Ell \u00e9s qui ha anat empetitint al Val\u00e8ncia i ho ha convertit en un club dels anomenats &#8220;xicotets,&#8221; aqueixos que lluiten per no descendir i que fan d&#8217;aix\u00f2 el seu objectiu de cada temporada.<br>Els que no volien que el vcf baixara a segona ja ho ha aconseguit i\u2026<br>Ara qu\u00e8?<br>No hauria sigut millor no acudir a Mestalla?<br>Potser aix\u00ed el propietari d&#8217;aquest club, aqueix que l&#8217;ha convertit en una entitat xicoteta i decadent, haguera pensat en la conveni\u00e8ncia de vendre el club. No s&#8217;ha baixat i quin \u00e9s aix\u00f2 millor? El millor per a qui? Ser\u00e0 el millor per a Lim perqu\u00e8 ara no t\u00e9 dubtes: &#8220;Continuar\u00e0 sent el propietari del vcf&#8221;.<br>I que passar\u00e0 la pr\u00f2xima temporada?<br>Alg\u00fa creu que vindran fitxatges de qualitat?<br>Alg\u00fa creu en un nivell d&#8217;equip superior al d&#8217;enguany?<br>Que ning\u00fa s&#8217;enganye.<br>La pr\u00f2xima temporada hi haur\u00e0 un equip en la l\u00ednia de l&#8217;actual, \u00e9s a dir: jugadors cedits i a cost zero, amb l&#8217;agreujant que Lim vendr\u00e0 aquest estiu qualsevol jugador dels quals t\u00e9 en propietat pel qual reba una quantitat assequible.<br>Una altra vegada a lluitar per no descendir.<br>No fa falta recordar aquell gol de Tendillo que ens va salvar del descens en l&#8217;\u00faltim partit del 84 per\u00f2 l&#8217;equip estava destrossat i es va baixar la temporada seg\u00fcent.<br>No fa falta recordar-ho o s\u00ed perqu\u00e8 estem en aqueixa l\u00ednia.<br>No hauria passat res per baixar a segona 1 any, o 2 si \u00e9s necessari. Lim s&#8217;hauria esfondrat i s&#8217;hauria quedat sense arguments econ\u00f2mics per a seguir a Val\u00e8ncia, i el seu prestigi a Europa s&#8217;hauria empetitit com el seu club. S\u00ed, aix\u00f2 que tant tem s&#8217;haguera donat molt possiblement.<br>No s&#8217;ha volgut anar per aqueix cam\u00ed i s&#8217;ha optat per lluitar per a no descendir. S&#8217;ha aconseguit a base de desprestigi, i vergonya, necessitant de 3 entrenadors per a sobreviure, per 2 puntets i quedar els setzens.<br>Que vergonya, que desastre, que pena m\u00e9s gran!<br>Seguim en primera.<br>Quin \u00e9s el pla per a la pr\u00f2xima temporada, acudir una altra vegada en massa a Mestalla?<br>Continuar aguantant de nou l&#8217;odi, l&#8217;arrog\u00e0ncia, prepot\u00e8ncia i les humiliacions de Lim envers l&#8217;afici\u00f3 del vcf i el club?<br>O millor plantar-li cara buidant Mestalla, sense passades, sense entrades, sense compres a les botigues del vcf.<br>Desmuntar-li el negoci.<br>No es\u2026 que cadasc\u00fa fa\u00e7a el que m\u00e9s li plaga a mi que no m&#8217;esperen a Mestalla, ni a les botigues del vcf.<br>Seguim en primera, s\u00ed\u2026<br>I ara qu\u00e8?<\/p>\n","protected":false},"excerpt":{"rendered":"<div class=\"mh-excerpt\">Es va acabar la Lliga:BETIS 1-1 VCFFin\u00e1lmente el Val\u00e8ncia queda classificat en el lloc 16 amb 42 punts.A 2 llocs i 2 punts del descens. Durant la jornada de hui, \u00faltima de la temporada, s&#8217;han <a class=\"mh-excerpt-more\" href=\"https:\/\/www.tucomarca.com\/wordpress\/segunda\/ca\/opinio-a-boca-de-cano-i-ara-que-per-joseh-larrazabal\/\" title=\"Opini\u00f3: A boca de can\u00f3. I ara qu\u00e8? per J\u00f3seh Larraz\u00e1bal\">[+] <\/a><\/div>\n","protected":false},"author":1,"featured_media":136628,"comment_status":"open","ping_status":"open","sticky":false,"template":"","format":"standard","meta":{"footnotes":""},"categories":[10911,11015,11014,11003,10894,10912,11020,11021,10896],"tags":[10913,15481,10914,12606],"class_list":{"0":"post-187804","1":"post","2":"type-post","3":"status-publish","4":"format-standard","5":"has-post-thumbnail","7":"category-bunol-ca","8":"category-canal-futbol","9":"category-canal-valencia-cf-ca","10":"category-sports","11":"category-la-comarca-ca","12":"category-la-hoya-ca","13":"category-opinion-ca","14":"category-opinion-ca-2","15":"category-seccion-ca","16":"tag-bunol-ca","17":"tag-joseh-larrazabal-ca","18":"tag-la-hoya-de-bunol-chiva-ca","19":"tag-valencia-cf-ca"},"_links":{"self":[{"href":"https:\/\/www.tucomarca.com\/wordpress\/segunda\/ca\/wp-json\/wp\/v2\/posts\/187804","targetHints":{"allow":["GET"]}}],"collection":[{"href":"https:\/\/www.tucomarca.com\/wordpress\/segunda\/ca\/wp-json\/wp\/v2\/posts"}],"about":[{"href":"https:\/\/www.tucomarca.com\/wordpress\/segunda\/ca\/wp-json\/wp\/v2\/types\/post"}],"author":[{"embeddable":true,"href":"https:\/\/www.tucomarca.com\/wordpress\/segunda\/ca\/wp-json\/wp\/v2\/users\/1"}],"replies":[{"embeddable":true,"href":"https:\/\/www.tucomarca.com\/wordpress\/segunda\/ca\/wp-json\/wp\/v2\/comments?post=187804"}],"version-history":[{"count":0,"href":"https:\/\/www.tucomarca.com\/wordpress\/segunda\/ca\/wp-json\/wp\/v2\/posts\/187804\/revisions"}],"wp:featuredmedia":[{"embeddable":true,"href":"https:\/\/www.tucomarca.com\/wordpress\/segunda\/ca\/wp-json\/wp\/v2\/media\/136628"}],"wp:attachment":[{"href":"https:\/\/www.tucomarca.com\/wordpress\/segunda\/ca\/wp-json\/wp\/v2\/media?parent=187804"}],"wp:term":[{"taxonomy":"category","embeddable":true,"href":"https:\/\/www.tucomarca.com\/wordpress\/segunda\/ca\/wp-json\/wp\/v2\/categories?post=187804"},{"taxonomy":"post_tag","embeddable":true,"href":"https:\/\/www.tucomarca.com\/wordpress\/segunda\/ca\/wp-json\/wp\/v2\/tags?post=187804"}],"curies":[{"name":"wp","href":"https:\/\/api.w.org\/{rel}","templated":true}]}}