{"id":187843,"date":"2023-06-06T09:00:00","date_gmt":"2023-06-06T08:00:00","guid":{"rendered":"https:\/\/www.tucomarca.com\/wordpress\/segunda\/?p=187843"},"modified":"2023-06-06T17:04:10","modified_gmt":"2023-06-06T16:04:10","slug":"el-cor-del-conservatori-professional-de-musica-sant-rafael-de-bunyol-participa-en-la-i-trobada-de-cors-upv","status":"publish","type":"post","link":"https:\/\/www.tucomarca.com\/wordpress\/segunda\/ca\/el-cor-del-conservatori-professional-de-musica-sant-rafael-de-bunyol-participa-en-la-i-trobada-de-cors-upv\/","title":{"rendered":"El Cor del Conservatori Professional de M\u00fasica Sant Rafael de Bunyol participa en la I Trobada de Cors UPV"},"content":{"rendered":"\n<p>El Paranimf de Rectorat de la Universitat Polit\u00e8cnica de Val\u00e8ncia ha sigut l&#8217;escenari de la \u201cI Trobada de Cors UPV\u201d que va tindre lloc divendres passat, 2 de juny, a les 18h. En aquesta primera edici\u00f3, i amb el Cor del EMC UPV com a amfitri\u00f3, i els cors de la UPV, el Cor SEELE del Col\u00b7legi Alemany de Val\u00e8ncia, i el Cor del Conservatori Professional de M\u00fasica \u201cSant Rafael\u201d de Bunyol com a convidats.<\/p>\n\n\n\n<figure class=\"wp-block-image size-large\"><img loading=\"lazy\" decoding=\"async\" width=\"1024\" height=\"472\" src=\"http:\/\/www.tucomarca.com\/wordpress\/segunda\/wp-content\/uploads\/2023\/06\/CoroJunio23-1024x472.jpg\" alt=\"\" class=\"wp-image-187836\" srcset=\"https:\/\/www.tucomarca.com\/wordpress\/segunda\/wp-content\/uploads\/2023\/06\/CoroJunio23-1024x472.jpg 1024w, https:\/\/www.tucomarca.com\/wordpress\/segunda\/wp-content\/uploads\/2023\/06\/CoroJunio23-300x138.jpg 300w, https:\/\/www.tucomarca.com\/wordpress\/segunda\/wp-content\/uploads\/2023\/06\/CoroJunio23-768x354.jpg 768w, https:\/\/www.tucomarca.com\/wordpress\/segunda\/wp-content\/uploads\/2023\/06\/CoroJunio23-1536x708.jpg 1536w, https:\/\/www.tucomarca.com\/wordpress\/segunda\/wp-content\/uploads\/2023\/06\/CoroJunio23.jpg 1600w\" sizes=\"auto, (max-width: 1024px) 100vw, 1024px\" \/><\/figure>\n\n\n\n<p>El Cor del Conservatori de Bunyol, dirigit i coordinat pel professor Enrique Hern\u00e1ndez, va aprofitar el viatge per a visitar alguns dels racons universitaris d&#8217;import\u00e0ncia, ja que, per a much@s d&#8217;est@s estudiants aqueixa Universitat ser\u00e0 la seua casa durant uns anys, i no est\u00e0 de m\u00e9s con\u00e9ixer-la per dins.<br>Despr\u00e9s del menjar en la Cafeteria de Belles arts, i a part de la visita obligada a l&#8217;\u00c0gora i a l&#8217;Exposici\u00f3 d&#8217;Escultures permanent que hi ha al llarg del Campus, el m\u00e9s apassionant va ser la visita a un dels nuclis art\u00edstics que posseeix aquesta Universitat: Les Taquilles de Belles arts. Una zona d&#8217;art pur on centenars de taquilles, parets i sostre pateixen (en el bon sentit) un atac art\u00edstic sense precedents de tot l&#8217;alumnat d&#8217;aquesta facultat, on els estils pict\u00f2rics conviuen d&#8217;una manera lliure i els missatges s&#8217;amunteguen per escrit a tot arreu.<br>La nostra guia i amfitriona, Carla Hidalgo (excantante del Cor del Conservatori de Bunyol) i hui dia Directora del EMC UPV va cantar de convidada amb el Cor del Conservatori de Bunyol una pe\u00e7a sol\u00b7licitada pel propi Cor: \u201cCatastr\u00f2fiques Dissorts\u201d (amb lletra de Punk Sailor i m\u00fasica de J. S\u00e1ez, E. Grieg, i la famosa tradicional dels partisans italians \u201cBella Ciao\u201d), a m\u00e9s es va poder escoltar la m\u00edtica \u201cTeorema de Thales\u201d dels Luthiers (Seleccionada per a emetre&#8217;s en Canal 33 Val\u00e8ncia dimecres que ve 14 en el programa \u201cA peu d&#8217;escenari\u201d) on tot el p\u00fablic de ci\u00e8ncies va poder reir a mand\u00edbula batent despr\u00e9s de la hilarant lletra d&#8217;aquells mestres de l&#8217;humor. La resta del repertori va consistir en el cl\u00e0ssic \u201cDanny Boy\u201d (F. Weatherly) i la coneguda \u201cCa\u00b4t help falling in love\u201d popularitzada en el seu moment per Elvis Presley.<br>Va comen\u00e7ar el Cor de la UPV amb un repertori monogr\u00e0fic de Disney, i a continuaci\u00f3 el Cor SEELE ofrecio un repertori des de n\u00fameros del C\u00e1rmina Burana a a Serrat i un final Gospel magn\u00edfic, i per a tancar la vetlada, el Cor amfitri\u00f3 (EMC UPV) sota la direcci\u00f3 art\u00edstica de Carla Hidalgo, van interpretar l&#8217;emotiva i motivadora \u201cYou will be found\u201d del fam\u00f3s musical Dear Evan Hansen, i van posar el fermall d&#8217;or a la vetlada amb \u201cMoney, Money, Money\u201d de l@s immortals ABBA.<br>Despr\u00e9s del concert i els protocols vam poder gaudir d&#8217;un complet lunch per a recobrar forces, i ja la tornada a casa amb un bon sabor de boca i la sensaci\u00f3 d&#8217;haver fet una bona faena.<\/p>\n","protected":false},"excerpt":{"rendered":"<div class=\"mh-excerpt\">El Paranimf de Rectorat de la Universitat Polit\u00e8cnica de Val\u00e8ncia ha sigut l&#8217;escenari de la \u201cI Trobada de Cors UPV\u201d que va tindre lloc divendres passat, 2 de juny, a les 18h. En aquesta primera <a class=\"mh-excerpt-more\" href=\"https:\/\/www.tucomarca.com\/wordpress\/segunda\/ca\/el-cor-del-conservatori-professional-de-musica-sant-rafael-de-bunyol-participa-en-la-i-trobada-de-cors-upv\/\" title=\"El Cor del Conservatori Professional de M\u00fasica Sant Rafael de Bunyol participa en la I Trobada de Cors UPV\">[+] <\/a><\/div>\n","protected":false},"author":12,"featured_media":187841,"comment_status":"open","ping_status":"open","sticky":false,"template":"","format":"standard","meta":{"footnotes":""},"categories":[10911,11005,10894,10912,11007,10896],"tags":[10913,14677,19335,10914],"class_list":{"0":"post-187843","1":"post","2":"type-post","3":"status-publish","4":"format-standard","5":"has-post-thumbnail","7":"category-bunol-ca","8":"category-canal-musica","9":"category-la-comarca-ca","10":"category-la-hoya-ca","11":"category-ocio-y-cultura-ca","12":"category-seccion-ca","13":"tag-bunol-ca","14":"tag-conservatorio-san-rafael-ca","15":"tag-coro-conservatorio-de-bunol-ca","16":"tag-la-hoya-de-bunol-chiva-ca"},"_links":{"self":[{"href":"https:\/\/www.tucomarca.com\/wordpress\/segunda\/ca\/wp-json\/wp\/v2\/posts\/187843","targetHints":{"allow":["GET"]}}],"collection":[{"href":"https:\/\/www.tucomarca.com\/wordpress\/segunda\/ca\/wp-json\/wp\/v2\/posts"}],"about":[{"href":"https:\/\/www.tucomarca.com\/wordpress\/segunda\/ca\/wp-json\/wp\/v2\/types\/post"}],"author":[{"embeddable":true,"href":"https:\/\/www.tucomarca.com\/wordpress\/segunda\/ca\/wp-json\/wp\/v2\/users\/12"}],"replies":[{"embeddable":true,"href":"https:\/\/www.tucomarca.com\/wordpress\/segunda\/ca\/wp-json\/wp\/v2\/comments?post=187843"}],"version-history":[{"count":0,"href":"https:\/\/www.tucomarca.com\/wordpress\/segunda\/ca\/wp-json\/wp\/v2\/posts\/187843\/revisions"}],"wp:featuredmedia":[{"embeddable":true,"href":"https:\/\/www.tucomarca.com\/wordpress\/segunda\/ca\/wp-json\/wp\/v2\/media\/187841"}],"wp:attachment":[{"href":"https:\/\/www.tucomarca.com\/wordpress\/segunda\/ca\/wp-json\/wp\/v2\/media?parent=187843"}],"wp:term":[{"taxonomy":"category","embeddable":true,"href":"https:\/\/www.tucomarca.com\/wordpress\/segunda\/ca\/wp-json\/wp\/v2\/categories?post=187843"},{"taxonomy":"post_tag","embeddable":true,"href":"https:\/\/www.tucomarca.com\/wordpress\/segunda\/ca\/wp-json\/wp\/v2\/tags?post=187843"}],"curies":[{"name":"wp","href":"https:\/\/api.w.org\/{rel}","templated":true}]}}